                       {"id":39333,"date":"2023-03-29T14:30:51","date_gmt":"2023-03-29T20:30:51","guid":{"rendered":"https:\/\/laultimapalabra.com.mx\/portal\/?p=39333"},"modified":"2024-12-11T10:41:45","modified_gmt":"2024-12-11T16:41:45","slug":"icv-amplia-plazo-para-cambio-de-placas-hasta-el-30-de-junio","status":"publish","type":"post","link":"https:\/\/laultimapalabra.com.mx\/portal\/icv-amplia-plazo-para-cambio-de-placas-hasta-el-30-de-junio\/","title":{"rendered":"ICV ampl\u00eda plazo para cambio de placas hasta el 30 de junio"},"content":{"rendered":"<p>Monterrey, N.L.- El Instituto de Control Vehicular (ICV) inform\u00f3 que el canje de placas para carros particulares del 2011 y anteriores, se ampliar\u00e1 hasta el pr\u00f3ximo 30 de junio del presente a\u00f1o.<\/p>\n<p>A trav\u00e9s de un comunicado, la dependencia estatal reiter\u00f3 que el costo del canje de placas tiene un subsidio y el costo final es de 399 pesos.<\/p>\n<p>Por otra parte, el ICV a\u00f1adi\u00f3 que, hasta esa fecha, el subsidio para el canje de placas se mantendr\u00e1, por lo que el costo seguir\u00e1 siendo de $399 en lugar de $1,037. Precis\u00f3 que esto no cubre cargos por rezagos en el cumplimiento de otras obligaciones, refirieron.<\/p>\n<p>En ese sentido, la dependencia explic\u00f3 que hasta el momento han acudido a realizar el replaqueo 713 mil propietarios de veh\u00edculos, lo que representa un 53 por ciento del total de las unidades que se encuentran con placas del 2011 hacia atr\u00e1s.<\/p>\n<p>De igual forma, advirtieron que a partir del 1 de julio todas las placas del 2011 para atr\u00e1s ser\u00e1n dadas de baja autom\u00e1ticamente del padr\u00f3n y quedar\u00e1n sujetos a los reglamentos y disposiciones de tr\u00e1nsitos municipales.<\/p>\n<p>El ICV exhort\u00f3 a los propietarios de los 643 mil veh\u00edculos que a\u00fan portan las placas vencidas, a realizar el canje, ya que a partir del 1 de julio, ser\u00e1n dadas de baja autom\u00e1ticamente del padr\u00f3n y quedar\u00e1n sujetos a los reglamentos y disposiciones de vialidad y tr\u00e1nsito aplicables, anticiparon.<\/p>\n<p>El Instituto record\u00f3 que el horario de atenci\u00f3n en sus delegaciones se ampli\u00f3 y es de 7:00 de la ma\u00f1ana a 4:00 de la tarde, de lunes a viernes. Los s\u00e1bados el horario es de 7:00 de la ma\u00f1ana a 2:00 de la tarde.<\/p>\n<p>Igualmente, el canje se puede realizar en 110 sucursales de los bancos Afirme y Banorte.<\/p>\n<p>Finalmente, el organismo reiter\u00f3 que la actualizaci\u00f3n del padr\u00f3n mediante la sustituci\u00f3n de las placas que oficialmente terminan su vigencia por l\u00e1minas nuevas, tiene como objetivo fortalecer la certeza jur\u00eddica sobre la propiedad de los veh\u00edculos y contar con un registro oficial confiable que contribuya a la seguridad p\u00fablica, concluye el comunicado.<\/p>\n<p>FUENTE: MILENIO<\/p>\n","protected":false},"excerpt":{"rendered":"<p>Monterrey, N.L.- El Instituto de Control Vehicular (ICV) inform\u00f3 que el canje de placas para carros particulares del 2011 y anteriores, se ampliar\u00e1 hasta el pr\u00f3ximo 30 de junio del presente a\u00f1o. A trav\u00e9s de un comunicado, la dependencia estatal reiter\u00f3 que el costo del canje de placas tiene un subsidio y el costo final [&hellip;]<\/p>\n","protected":false},"author":9,"featured_media":39334,"comment_status":"closed","ping_status":"closed","sticky":false,"template":"","format":"standard","meta":{"footnotes":""},"categories":[15],"tags":[6727,6726,6725,6643,5037,5859],"class_list":["post-39333","post","type-post","status-publish","format-standard","has-post-thumbnail","hentry","category-estado","tag-gobiernodelestado","tag-junio","tag-placas","tag-prorroga","tag-samuelgarcia","tag-ultimas-noticias"],"_links":{"self":[{"href":"https:\/\/laultimapalabra.com.mx\/portal\/wp-json\/wp\/v2\/posts\/39333","targetHints":{"allow":["GET"]}}],"collection":[{"href":"https:\/\/laultimapalabra.com.mx\/portal\/wp-json\/wp\/v2\/posts"}],"about":[{"href":"https:\/\/laultimapalabra.com.mx\/portal\/wp-json\/wp\/v2\/types\/post"}],"author":[{"embeddable":true,"href":"https:\/\/laultimapalabra.com.mx\/portal\/wp-json\/wp\/v2\/users\/9"}],"replies":[{"embeddable":true,"href":"https:\/\/laultimapalabra.com.mx\/portal\/wp-json\/wp\/v2\/comments?post=39333"}],"version-history":[{"count":2,"href":"https:\/\/laultimapalabra.com.mx\/portal\/wp-json\/wp\/v2\/posts\/39333\/revisions"}],"predecessor-version":[{"id":81696,"href":"https:\/\/laultimapalabra.com.mx\/portal\/wp-json\/wp\/v2\/posts\/39333\/revisions\/81696"}],"wp:featuredmedia":[{"embeddable":true,"href":"https:\/\/laultimapalabra.com.mx\/portal\/wp-json\/wp\/v2\/media\/39334"}],"wp:attachment":[{"href":"https:\/\/laultimapalabra.com.mx\/portal\/wp-json\/wp\/v2\/media?parent=39333"}],"wp:term":[{"taxonomy":"category","embeddable":true,"href":"https:\/\/laultimapalabra.com.mx\/portal\/wp-json\/wp\/v2\/categories?post=39333"},{"taxonomy":"post_tag","embeddable":true,"href":"https:\/\/laultimapalabra.com.mx\/portal\/wp-json\/wp\/v2\/tags?post=39333"}],"curies":[{"name":"wp","href":"https:\/\/api.w.org\/{rel}","templated":true}]}}