                       {"id":39382,"date":"2023-03-29T23:00:05","date_gmt":"2023-03-30T05:00:05","guid":{"rendered":"https:\/\/laultimapalabra.com.mx\/portal\/?p=39382"},"modified":"2024-12-11T10:41:46","modified_gmt":"2024-12-11T16:41:46","slug":"choque-frontal-deja-tres-lesionados","status":"publish","type":"post","link":"https:\/\/laultimapalabra.com.mx\/portal\/choque-frontal-deja-tres-lesionados\/","title":{"rendered":"Choque frontal deja tres lesionados"},"content":{"rendered":"\n<p>Cadereyta Jim\u00e9nez, N.L.-Un aparatoso choque frontal dej\u00f3 como saldo tres personas lesionadas en el municipio de Cadereyta.<br>El percance se registr\u00f3 en el libramiento Alfonso Mart\u00ednez Dom\u00ednguez, en la colonia Santa Luc\u00eda a la altura de la Farmacia Guadalajara.<br>Los autom\u00f3viles implicados fueron un auto de alquiler tipo Tsuru del municipio de Guadalupe con n\u00famero econ\u00f3mico 10945 y un Atos gris con placas de circulaci\u00f3n SYR-108-A.<br>En el taxi resultaron lesionados el conductor y un pasajero mientras que en el Atos result\u00f3 el chofer con heridas de consideraci\u00f3n.<br>Param\u00e9dicos de Servicios de Emergencia Cadereyta y Protecci\u00f3n Civil, arribaron r\u00e1pidamente al lugar para atender a los lesionados los cuales fueron trasladados a una cl\u00ednica.<br>Elementos de Vialidad y Tr\u00e1nsito abanderaron la zona mientras se realizaron los trabajos de param\u00e9dicos, para posteriormente esperar el arribo de la gr\u00faa para retirar los veh\u00edculos.<\/p>\n\n\n\n<figure class=\"wp-block-image size-large\"><img loading=\"lazy\" decoding=\"async\" width=\"1024\" height=\"771\" src=\"https:\/\/laultimapalabra.com.mx\/portal\/wp-content\/uploads\/2023\/03\/IMG-20230329-WA0088-1024x771.jpg\" alt=\"\" class=\"wp-image-39380\" srcset=\"https:\/\/laultimapalabra.com.mx\/portal\/wp-content\/uploads\/2023\/03\/IMG-20230329-WA0088-1024x771.jpg 1024w, https:\/\/laultimapalabra.com.mx\/portal\/wp-content\/uploads\/2023\/03\/IMG-20230329-WA0088-300x226.jpg 300w, https:\/\/laultimapalabra.com.mx\/portal\/wp-content\/uploads\/2023\/03\/IMG-20230329-WA0088-768x578.jpg 768w, https:\/\/laultimapalabra.com.mx\/portal\/wp-content\/uploads\/2023\/03\/IMG-20230329-WA0088-1536x1156.jpg 1536w, https:\/\/laultimapalabra.com.mx\/portal\/wp-content\/uploads\/2023\/03\/IMG-20230329-WA0088.jpg 1600w\" sizes=\"auto, (max-width: 1024px) 100vw, 1024px\" \/><\/figure>\n\r\n","protected":false},"excerpt":{"rendered":"<p>Cadereyta Jim\u00e9nez, N.L.-Un aparatoso choque frontal dej\u00f3 como saldo tres personas lesionadas en el municipio de Cadereyta.El percance se registr\u00f3 en el libramiento Alfonso Mart\u00ednez Dom\u00ednguez, en la colonia Santa Luc\u00eda a la altura de la Farmacia Guadalajara.Los autom\u00f3viles implicados fueron un auto de alquiler tipo Tsuru del municipio de Guadalupe con n\u00famero econ\u00f3mico 10945 [&hellip;]<\/p>\n","protected":false},"author":7,"featured_media":39381,"comment_status":"closed","ping_status":"closed","sticky":false,"template":"","format":"standard","meta":{"footnotes":""},"categories":[1],"tags":[4196,541,4315,1875,2710],"class_list":["post-39382","post","type-post","status-publish","format-standard","has-post-thumbnail","hentry","category-noticias","tag-accidente","tag-choque","tag-lesionados","tag-proteccion-civil","tag-servicios-de-emergencia-cadereyta"],"_links":{"self":[{"href":"https:\/\/laultimapalabra.com.mx\/portal\/wp-json\/wp\/v2\/posts\/39382","targetHints":{"allow":["GET"]}}],"collection":[{"href":"https:\/\/laultimapalabra.com.mx\/portal\/wp-json\/wp\/v2\/posts"}],"about":[{"href":"https:\/\/laultimapalabra.com.mx\/portal\/wp-json\/wp\/v2\/types\/post"}],"author":[{"embeddable":true,"href":"https:\/\/laultimapalabra.com.mx\/portal\/wp-json\/wp\/v2\/users\/7"}],"replies":[{"embeddable":true,"href":"https:\/\/laultimapalabra.com.mx\/portal\/wp-json\/wp\/v2\/comments?post=39382"}],"version-history":[{"count":2,"href":"https:\/\/laultimapalabra.com.mx\/portal\/wp-json\/wp\/v2\/posts\/39382\/revisions"}],"predecessor-version":[{"id":81718,"href":"https:\/\/laultimapalabra.com.mx\/portal\/wp-json\/wp\/v2\/posts\/39382\/revisions\/81718"}],"wp:featuredmedia":[{"embeddable":true,"href":"https:\/\/laultimapalabra.com.mx\/portal\/wp-json\/wp\/v2\/media\/39381"}],"wp:attachment":[{"href":"https:\/\/laultimapalabra.com.mx\/portal\/wp-json\/wp\/v2\/media?parent=39382"}],"wp:term":[{"taxonomy":"category","embeddable":true,"href":"https:\/\/laultimapalabra.com.mx\/portal\/wp-json\/wp\/v2\/categories?post=39382"},{"taxonomy":"post_tag","embeddable":true,"href":"https:\/\/laultimapalabra.com.mx\/portal\/wp-json\/wp\/v2\/tags?post=39382"}],"curies":[{"name":"wp","href":"https:\/\/api.w.org\/{rel}","templated":true}]}}