                       {"id":39483,"date":"2023-04-01T14:20:18","date_gmt":"2023-04-01T20:20:18","guid":{"rendered":"https:\/\/laultimapalabra.com.mx\/portal\/?p=39483"},"modified":"2024-12-11T10:41:47","modified_gmt":"2024-12-11T16:41:47","slug":"detienen-a-pareja-por-torturar-a-nina-en-valle-del-roble","status":"publish","type":"post","link":"https:\/\/laultimapalabra.com.mx\/portal\/detienen-a-pareja-por-torturar-a-nina-en-valle-del-roble\/","title":{"rendered":"Detienen a pareja por torturar a ni\u00f1a en Valle del Roble"},"content":{"rendered":"\n<p>Cadereyta Jim\u00e9nez, N.L.-La ma\u00f1ana de este s\u00e1bado fue detenida una pareja por elementos de la Polic\u00eda Municipal de Cadereyta por maltrato infantil en la colonia Valle del Roble.<br \/>Seg\u00fan una fuente policial, la madrastra de la peque\u00f1a de 10 a\u00f1os de edad, fue identificada como Marlen de 24 a\u00f1os quien maltrataba a la peque\u00f1a, la golpeaba y le quemaba cigarros en la lengua.<br \/>Trasciende que el pap\u00e1 al llegar de su trabajo tambi\u00e9n golpeaba a la menor, esto debido a que la madrastra le comentaba que la ni\u00f1a se portaba mal.<br \/>Por lo tanto, elementos de la Polic\u00eda Municipal arribaron al domicilio donde detuvieron a la pareja, adem\u00e1s trascendi\u00f3 la detenci\u00f3n de la abuelita por tambi\u00e9n participar en maltrato en contra de la menor y por encubrimiento.<br \/>Cabe mencionar que vecinos trataron de evitar la detenci\u00f3n.<br \/>Los detenidos fueron puestos a disposici\u00f3n del Ministerio P\u00fablico, mientras la peque\u00f1a fue llevada hac\u00eda el DIF municipal.<\/p>\n\n\n\n<figure class=\"wp-block-gallery has-nested-images columns-default is-cropped wp-block-gallery-1 is-layout-flex wp-block-gallery-is-layout-flex\">\n<figure class=\"wp-block-image\"><img loading=\"lazy\" decoding=\"async\" width=\"1024\" height=\"938\" data-id=\"39487\" src=\"https:\/\/laultimapalabra.com.mx\/portal\/wp-content\/uploads\/2023\/04\/Picsart_23-04-01_14-23-34-212-1024x938.jpg\" alt=\"\" class=\"wp-image-39487\" srcset=\"https:\/\/laultimapalabra.com.mx\/portal\/wp-content\/uploads\/2023\/04\/Picsart_23-04-01_14-23-34-212-1024x938.jpg 1024w, https:\/\/laultimapalabra.com.mx\/portal\/wp-content\/uploads\/2023\/04\/Picsart_23-04-01_14-23-34-212-300x275.jpg 300w, https:\/\/laultimapalabra.com.mx\/portal\/wp-content\/uploads\/2023\/04\/Picsart_23-04-01_14-23-34-212-768x703.jpg 768w, https:\/\/laultimapalabra.com.mx\/portal\/wp-content\/uploads\/2023\/04\/Picsart_23-04-01_14-23-34-212.jpg 1200w\" sizes=\"auto, (max-width: 1024px) 100vw, 1024px\" \/><\/figure>\n\n\n\n<figure class=\"wp-block-image\"><img loading=\"lazy\" decoding=\"async\" width=\"768\" height=\"1024\" data-id=\"39485\" src=\"https:\/\/laultimapalabra.com.mx\/portal\/wp-content\/uploads\/2023\/04\/IMG-20230401-WA0018-768x1024.jpg\" alt=\"\" class=\"wp-image-39485\" srcset=\"https:\/\/laultimapalabra.com.mx\/portal\/wp-content\/uploads\/2023\/04\/IMG-20230401-WA0018-768x1024.jpg 768w, https:\/\/laultimapalabra.com.mx\/portal\/wp-content\/uploads\/2023\/04\/IMG-20230401-WA0018-225x300.jpg 225w, https:\/\/laultimapalabra.com.mx\/portal\/wp-content\/uploads\/2023\/04\/IMG-20230401-WA0018-1152x1536.jpg 1152w, https:\/\/laultimapalabra.com.mx\/portal\/wp-content\/uploads\/2023\/04\/IMG-20230401-WA0018.jpg 1200w\" sizes=\"auto, (max-width: 768px) 100vw, 768px\" \/><\/figure>\n\n\n\n<figure class=\"wp-block-image\"><img loading=\"lazy\" decoding=\"async\" width=\"768\" height=\"1024\" data-id=\"39486\" src=\"https:\/\/laultimapalabra.com.mx\/portal\/wp-content\/uploads\/2023\/04\/IMG-20230401-WA0009-768x1024.jpg\" alt=\"\" class=\"wp-image-39486\" srcset=\"https:\/\/laultimapalabra.com.mx\/portal\/wp-content\/uploads\/2023\/04\/IMG-20230401-WA0009-768x1024.jpg 768w, https:\/\/laultimapalabra.com.mx\/portal\/wp-content\/uploads\/2023\/04\/IMG-20230401-WA0009-225x300.jpg 225w, https:\/\/laultimapalabra.com.mx\/portal\/wp-content\/uploads\/2023\/04\/IMG-20230401-WA0009-1152x1536.jpg 1152w, https:\/\/laultimapalabra.com.mx\/portal\/wp-content\/uploads\/2023\/04\/IMG-20230401-WA0009.jpg 1200w\" sizes=\"auto, (max-width: 768px) 100vw, 768px\" \/><\/figure>\n<\/figure>\n\r\n","protected":false},"excerpt":{"rendered":"<p>Cadereyta Jim\u00e9nez, N.L.-La ma\u00f1ana de este s\u00e1bado fue detenida una pareja por elementos de la Polic\u00eda Municipal de Cadereyta por maltrato infantil en la colonia Valle del Roble.Seg\u00fan una fuente policial, la madrastra de la peque\u00f1a de 10 a\u00f1os de edad, fue identificada como Marlen de 24 a\u00f1os quien maltrataba a la peque\u00f1a, la golpeaba [&hellip;]<\/p>\n","protected":false},"author":7,"featured_media":39482,"comment_status":"closed","ping_status":"closed","sticky":false,"template":"","format":"standard","meta":{"footnotes":""},"categories":[8,9],"tags":[4213,1474,3923],"class_list":["post-39483","post","type-post","status-publish","format-standard","has-post-thumbnail","hentry","category-seguridad","category-seguridad-cadereyta","tag-detenidos","tag-maltrato-infantil","tag-policia-municipal"],"_links":{"self":[{"href":"https:\/\/laultimapalabra.com.mx\/portal\/wp-json\/wp\/v2\/posts\/39483","targetHints":{"allow":["GET"]}}],"collection":[{"href":"https:\/\/laultimapalabra.com.mx\/portal\/wp-json\/wp\/v2\/posts"}],"about":[{"href":"https:\/\/laultimapalabra.com.mx\/portal\/wp-json\/wp\/v2\/types\/post"}],"author":[{"embeddable":true,"href":"https:\/\/laultimapalabra.com.mx\/portal\/wp-json\/wp\/v2\/users\/7"}],"replies":[{"embeddable":true,"href":"https:\/\/laultimapalabra.com.mx\/portal\/wp-json\/wp\/v2\/comments?post=39483"}],"version-history":[{"count":3,"href":"https:\/\/laultimapalabra.com.mx\/portal\/wp-json\/wp\/v2\/posts\/39483\/revisions"}],"predecessor-version":[{"id":81774,"href":"https:\/\/laultimapalabra.com.mx\/portal\/wp-json\/wp\/v2\/posts\/39483\/revisions\/81774"}],"wp:featuredmedia":[{"embeddable":true,"href":"https:\/\/laultimapalabra.com.mx\/portal\/wp-json\/wp\/v2\/media\/39482"}],"wp:attachment":[{"href":"https:\/\/laultimapalabra.com.mx\/portal\/wp-json\/wp\/v2\/media?parent=39483"}],"wp:term":[{"taxonomy":"category","embeddable":true,"href":"https:\/\/laultimapalabra.com.mx\/portal\/wp-json\/wp\/v2\/categories?post=39483"},{"taxonomy":"post_tag","embeddable":true,"href":"https:\/\/laultimapalabra.com.mx\/portal\/wp-json\/wp\/v2\/tags?post=39483"}],"curies":[{"name":"wp","href":"https:\/\/api.w.org\/{rel}","templated":true}]}}