                       {"id":39772,"date":"2023-04-10T15:06:17","date_gmt":"2023-04-10T21:06:17","guid":{"rendered":"https:\/\/laultimapalabra.com.mx\/portal\/?p=39772"},"modified":"2024-12-11T10:41:48","modified_gmt":"2024-12-11T16:41:48","slug":"el-papa-francisco-es-un-santo-un-defensor-de-los-desposeidos-amlo","status":"publish","type":"post","link":"https:\/\/laultimapalabra.com.mx\/portal\/el-papa-francisco-es-un-santo-un-defensor-de-los-desposeidos-amlo\/","title":{"rendered":"El papa Francisco es &#8220;un santo, un defensor de los despose\u00eddos&#8221;: AMLO"},"content":{"rendered":"<p>CDMX.- El presidente Andr\u00e9s Manuel L\u00f3pez Obrador expres\u00f3 que el papa Francisco \u201ces un santo, es un defensor de los pobres, de los despose\u00eddos, un verdadero cristiano\u201d, y lo compar\u00f3 con los papas que hubo durante la Independencia y la Revoluci\u00f3n, cuando incluso excomulgaron a los liberales y avalaron el golpe de Estado encabezado por Victoriano Huerta.<\/p>\n<p>Consultado en la \u201cma\u00f1anera\u201d de este lunes sobre un supuesto informe que perfilan entregar obispos de M\u00e9xico al Papa Francisco sobre regiones que est\u00e1n bajo control del crimen organizado, se\u00f1al\u00f3 que le llama la atenci\u00f3n que ese argumento coincide con el que han pronunciado algunos senadores republicanos y en el Departamento de Estado de Estados Unidos.<\/p>\n<p>Y enseguida, agreg\u00f3 que el papa Francisco es admirable, desde que \u00e9l tiene conciencia sobre estos temas no hab\u00eda sabido de un Papa tan consecuente, tan cristiano como Francisco.<\/p>\n<p>A la vez, retom\u00f3 la frase que difundi\u00f3 durante la semana santa en sus redes sociales, en la que se refiri\u00f3 a una expresi\u00f3n de Gandhi sobre Jes\u00fas y el cristianismo.<\/p>\n<p>FUENTE: LA JORNADA<\/p>\n","protected":false},"excerpt":{"rendered":"<p>CDMX.- El presidente Andr\u00e9s Manuel L\u00f3pez Obrador expres\u00f3 que el papa Francisco \u201ces un santo, es un defensor de los pobres, de los despose\u00eddos, un verdadero cristiano\u201d, y lo compar\u00f3 con los papas que hubo durante la Independencia y la Revoluci\u00f3n, cuando incluso excomulgaron a los liberales y avalaron el golpe de Estado encabezado por [&hellip;]<\/p>\n","protected":false},"author":9,"featured_media":39773,"comment_status":"closed","ping_status":"closed","sticky":false,"template":"","format":"standard","meta":{"footnotes":""},"categories":[19],"tags":[124,4194,6823,6824,5859],"class_list":["post-39772","post","type-post","status-publish","format-standard","has-post-thumbnail","hentry","category-nacional","tag-amlo","tag-mananera","tag-papafrancisco","tag-santo","tag-ultimas-noticias"],"_links":{"self":[{"href":"https:\/\/laultimapalabra.com.mx\/portal\/wp-json\/wp\/v2\/posts\/39772","targetHints":{"allow":["GET"]}}],"collection":[{"href":"https:\/\/laultimapalabra.com.mx\/portal\/wp-json\/wp\/v2\/posts"}],"about":[{"href":"https:\/\/laultimapalabra.com.mx\/portal\/wp-json\/wp\/v2\/types\/post"}],"author":[{"embeddable":true,"href":"https:\/\/laultimapalabra.com.mx\/portal\/wp-json\/wp\/v2\/users\/9"}],"replies":[{"embeddable":true,"href":"https:\/\/laultimapalabra.com.mx\/portal\/wp-json\/wp\/v2\/comments?post=39772"}],"version-history":[{"count":2,"href":"https:\/\/laultimapalabra.com.mx\/portal\/wp-json\/wp\/v2\/posts\/39772\/revisions"}],"predecessor-version":[{"id":81916,"href":"https:\/\/laultimapalabra.com.mx\/portal\/wp-json\/wp\/v2\/posts\/39772\/revisions\/81916"}],"wp:featuredmedia":[{"embeddable":true,"href":"https:\/\/laultimapalabra.com.mx\/portal\/wp-json\/wp\/v2\/media\/39773"}],"wp:attachment":[{"href":"https:\/\/laultimapalabra.com.mx\/portal\/wp-json\/wp\/v2\/media?parent=39772"}],"wp:term":[{"taxonomy":"category","embeddable":true,"href":"https:\/\/laultimapalabra.com.mx\/portal\/wp-json\/wp\/v2\/categories?post=39772"},{"taxonomy":"post_tag","embeddable":true,"href":"https:\/\/laultimapalabra.com.mx\/portal\/wp-json\/wp\/v2\/tags?post=39772"}],"curies":[{"name":"wp","href":"https:\/\/api.w.org\/{rel}","templated":true}]}}