                       {"id":39849,"date":"2023-04-12T15:16:11","date_gmt":"2023-04-12T21:16:11","guid":{"rendered":"https:\/\/laultimapalabra.com.mx\/portal\/?p=39849"},"modified":"2024-12-11T10:41:49","modified_gmt":"2024-12-11T16:41:49","slug":"ejecutan-a-dos-ninos-y-dos-mujeres-en-veracruz-encuentran-bolsas-con-restos","status":"publish","type":"post","link":"https:\/\/laultimapalabra.com.mx\/portal\/ejecutan-a-dos-ninos-y-dos-mujeres-en-veracruz-encuentran-bolsas-con-restos\/","title":{"rendered":"Ejecutan a dos ni\u00f1os y dos mujeres en Veracruz; encuentran bolsas con restos"},"content":{"rendered":"<p>Veracruz.- Cuatro integrantes de una familia, entre ellos dos menores, fueron asesinados en una vivienda del poblado de Acontitla, municipio de Tihuatl\u00e1n, en el norte de Veracruz.<\/p>\n<p>El ataque fue cometido la tarde del martes, cuando sujetos armados arribaron al domicilio y abrieron fuego contra los moradores.<\/p>\n<p>Aunque las v\u00edctimas no han sido identificadas, cuerpos de auxilio se\u00f1alaron que se trata de dos mujeres, un ni\u00f1o y una ni\u00f1a.<\/p>\n<p>Vecinos relataron que tras escuchar los disparos vieron salir de la casa a los agresores.<\/p>\n<p>Horas despu\u00e9s del homicidio m\u00faltiple, en el mismo municipio, la polic\u00eda estatal inform\u00f3 que luego de recibir un reporte al 911 localiz\u00f3 cuatro bolsas negras de pl\u00e1stico con restos humanos en la colonia Independencia.<\/p>\n<p>Agentes de la polic\u00eda ministerial las recogieron y trasladaron al Servicio M\u00e9dico Forense de Poza Rica.<\/p>\n<p>La Fiscal\u00eda de Veracruz indic\u00f3 que tanto la masacre familiar como el hallazgo de los dos cuerpos embolsados \u201capuntan a un probable ajuste de cuentas entre grupos rivales de la delincuencia organizada\u201d.<\/p>\n<p>FUENTE: PERI\u00d3DICO LA JORNADA<\/p>\n","protected":false},"excerpt":{"rendered":"<p>Veracruz.- Cuatro integrantes de una familia, entre ellos dos menores, fueron asesinados en una vivienda del poblado de Acontitla, municipio de Tihuatl\u00e1n, en el norte de Veracruz. El ataque fue cometido la tarde del martes, cuando sujetos armados arribaron al domicilio y abrieron fuego contra los moradores. Aunque las v\u00edctimas no han sido identificadas, cuerpos [&hellip;]<\/p>\n","protected":false},"author":9,"featured_media":39850,"comment_status":"closed","ping_status":"closed","sticky":false,"template":"","format":"standard","meta":{"footnotes":""},"categories":[19],"tags":[6854,6852,6853,6851,6850,5859,6354],"class_list":["post-39849","post","type-post","status-publish","format-standard","has-post-thumbnail","hentry","category-nacional","tag-cuitlahuacgarcia","tag-dosninosejecutados","tag-encuentranrestosenbolsas","tag-masacreinfantil","tag-tihuatlan","tag-ultimas-noticias","tag-veracruz"],"_links":{"self":[{"href":"https:\/\/laultimapalabra.com.mx\/portal\/wp-json\/wp\/v2\/posts\/39849","targetHints":{"allow":["GET"]}}],"collection":[{"href":"https:\/\/laultimapalabra.com.mx\/portal\/wp-json\/wp\/v2\/posts"}],"about":[{"href":"https:\/\/laultimapalabra.com.mx\/portal\/wp-json\/wp\/v2\/types\/post"}],"author":[{"embeddable":true,"href":"https:\/\/laultimapalabra.com.mx\/portal\/wp-json\/wp\/v2\/users\/9"}],"replies":[{"embeddable":true,"href":"https:\/\/laultimapalabra.com.mx\/portal\/wp-json\/wp\/v2\/comments?post=39849"}],"version-history":[{"count":2,"href":"https:\/\/laultimapalabra.com.mx\/portal\/wp-json\/wp\/v2\/posts\/39849\/revisions"}],"predecessor-version":[{"id":81956,"href":"https:\/\/laultimapalabra.com.mx\/portal\/wp-json\/wp\/v2\/posts\/39849\/revisions\/81956"}],"wp:featuredmedia":[{"embeddable":true,"href":"https:\/\/laultimapalabra.com.mx\/portal\/wp-json\/wp\/v2\/media\/39850"}],"wp:attachment":[{"href":"https:\/\/laultimapalabra.com.mx\/portal\/wp-json\/wp\/v2\/media?parent=39849"}],"wp:term":[{"taxonomy":"category","embeddable":true,"href":"https:\/\/laultimapalabra.com.mx\/portal\/wp-json\/wp\/v2\/categories?post=39849"},{"taxonomy":"post_tag","embeddable":true,"href":"https:\/\/laultimapalabra.com.mx\/portal\/wp-json\/wp\/v2\/tags?post=39849"}],"curies":[{"name":"wp","href":"https:\/\/api.w.org\/{rel}","templated":true}]}}