                       {"id":39881,"date":"2023-04-13T15:13:53","date_gmt":"2023-04-13T21:13:53","guid":{"rendered":"https:\/\/laultimapalabra.com.mx\/portal\/?p=39881"},"modified":"2024-12-11T10:41:50","modified_gmt":"2024-12-11T16:41:50","slug":"padre-golpea-a-su-hijo-hasta-dejarlo-ciego-porque-estaba-llorando","status":"publish","type":"post","link":"https:\/\/laultimapalabra.com.mx\/portal\/padre-golpea-a-su-hijo-hasta-dejarlo-ciego-porque-estaba-llorando\/","title":{"rendered":"Padre golpea a su hijo hasta dejarlo ciego porque estaba llorando"},"content":{"rendered":"<p>Espa\u00f1a.- Un hombre agredi\u00f3 a su beb\u00e9 de cuatro meses al punto de dejar secuelas neurol\u00f3gicas, entre ellas ceguera, ante lo que arriesga de 6 a 12 a\u00f1os de prisi\u00f3n en Zaragoza, Espa\u00f1a.<\/p>\n<p>Seg\u00fan La Vanguardia, el padre fue detenido en mayo del 2022, al reconocer que golpe\u00f3 al peque\u00f1o con una bofetada en la cara y lo sujet\u00f3 fuerte de uno de sus brazos zarande\u00e1ndolo con fuerza.<\/p>\n<p>El mismo medio sostiene que la situaci\u00f3n se registr\u00f3 cuando la madre estaba trabajando, previo a que el acusado iniciara su jornada laboral a las 05:00 horas locales.<\/p>\n<p>A las 02:00 horas, el sujeto envi\u00f3 varios mensajes a la madre quej\u00e1ndose del llanto del peque\u00f1o, afirmando que no sab\u00eda qu\u00e9 hacer. Pese a las sugerencias, la respuesta del padre fue que ten\u00eda que descansar para irse a trabajar en unas horas.<\/p>\n<p>El sujeto se fue, dejando al beb\u00e9 a los cuidados de la abuela hasta que regresara la madre.<\/p>\n<p>En su declaraci\u00f3n, la mujer not\u00f3 que el peque\u00f1o estaba \u201casustado\u201d, con la mirada \u201cperdida hacia atr\u00e1s&#8221; y apoyado en una toalla empapada en agua.<\/p>\n<p>La madre, al llegar a la casa se di\u00f3 cuenta que el peque\u00f1o ten\u00eda unas marcas en la cara, cerca del o\u00eddo, en la nuca y en la frente y que no enfocaba la mirada.<\/p>\n<p>Lo llev\u00f3 al hospital, le dijo a su pareja, quien le respondi\u00f3 que no lo hiciera porque, en su versi\u00f3n, la ley &#8220;no permit\u00eda a las madres lactantes dejar solos&#8221; a sus hijos y los iban a &#8220;denunciar a los dos&#8221;.<\/p>\n<p>Tras enterarse de la agresi\u00f3n contra el peque\u00f1o, le pidi\u00f3 al padre del peque\u00f1o que tomara sus cosas, mientras que en el hospital le dijeron que el beb\u00e9 sufr\u00eda graves lesiones, conocidas como &#8220;s\u00edndrome del lactante zarandeado&#8221;, que tambi\u00e9n es llamado &#8220;traumatismo craneal por maltrato&#8221;.<\/p>\n<p>La v\u00edctima tiene equimosis en ambas mejillas en el pabell\u00f3n auricular y una lesi\u00f3n en la parte cervical. Tambi\u00e9n, detectaron hematomas subdurales, retinomat\u00eda hemorr\u00e1gica bilateral severa y encefalopat\u00eda aguda con crisis epil\u00e9pticas, seg\u00fan La Vanguardia.<\/p>\n<p>Se sostiene que el peque\u00f1o tiene reconocido un 81 por ciento de discapacidad, as\u00ed como un retraso psicomotor y madurativo en relaci\u00f3n a ni\u00f1os de su edad.<\/p>\n<p>Agregaron que tambi\u00e9n de dependencia II o severa, en tanto es supervisado por su discapacidad del sistema neuromuscular y su deficiencia visual, luego de sufrir ceguera en el ojo derecho y una p\u00e9rdida de visi\u00f3n elevada en el izquierdo.<\/p>\n<p>El sujeto tuvo el pasado marzo un procesamiento judicial como presunto autor de un delito de lesiones graves.<\/p>\n<p>FUENTE: MILENIO<\/p>\n","protected":false},"excerpt":{"rendered":"<p>Espa\u00f1a.- Un hombre agredi\u00f3 a su beb\u00e9 de cuatro meses al punto de dejar secuelas neurol\u00f3gicas, entre ellas ceguera, ante lo que arriesga de 6 a 12 a\u00f1os de prisi\u00f3n en Zaragoza, Espa\u00f1a. Seg\u00fan La Vanguardia, el padre fue detenido en mayo del 2022, al reconocer que golpe\u00f3 al peque\u00f1o con una bofetada en la [&hellip;]<\/p>\n","protected":false},"author":9,"featured_media":39882,"comment_status":"closed","ping_status":"closed","sticky":false,"template":"","format":"standard","meta":{"footnotes":""},"categories":[16],"tags":[6866,4443,6868,6867,5859],"class_list":["post-39881","post","type-post","status-publish","format-standard","has-post-thumbnail","hentry","category-internacional","tag-bebequedaciega","tag-espana","tag-mamairresponsable-_","tag-padregolpeador","tag-ultimas-noticias"],"_links":{"self":[{"href":"https:\/\/laultimapalabra.com.mx\/portal\/wp-json\/wp\/v2\/posts\/39881","targetHints":{"allow":["GET"]}}],"collection":[{"href":"https:\/\/laultimapalabra.com.mx\/portal\/wp-json\/wp\/v2\/posts"}],"about":[{"href":"https:\/\/laultimapalabra.com.mx\/portal\/wp-json\/wp\/v2\/types\/post"}],"author":[{"embeddable":true,"href":"https:\/\/laultimapalabra.com.mx\/portal\/wp-json\/wp\/v2\/users\/9"}],"replies":[{"embeddable":true,"href":"https:\/\/laultimapalabra.com.mx\/portal\/wp-json\/wp\/v2\/comments?post=39881"}],"version-history":[{"count":2,"href":"https:\/\/laultimapalabra.com.mx\/portal\/wp-json\/wp\/v2\/posts\/39881\/revisions"}],"predecessor-version":[{"id":81972,"href":"https:\/\/laultimapalabra.com.mx\/portal\/wp-json\/wp\/v2\/posts\/39881\/revisions\/81972"}],"wp:featuredmedia":[{"embeddable":true,"href":"https:\/\/laultimapalabra.com.mx\/portal\/wp-json\/wp\/v2\/media\/39882"}],"wp:attachment":[{"href":"https:\/\/laultimapalabra.com.mx\/portal\/wp-json\/wp\/v2\/media?parent=39881"}],"wp:term":[{"taxonomy":"category","embeddable":true,"href":"https:\/\/laultimapalabra.com.mx\/portal\/wp-json\/wp\/v2\/categories?post=39881"},{"taxonomy":"post_tag","embeddable":true,"href":"https:\/\/laultimapalabra.com.mx\/portal\/wp-json\/wp\/v2\/tags?post=39881"}],"curies":[{"name":"wp","href":"https:\/\/api.w.org\/{rel}","templated":true}]}}