                       {"id":40002,"date":"2023-04-17T09:56:01","date_gmt":"2023-04-17T15:56:01","guid":{"rendered":"https:\/\/laultimapalabra.com.mx\/portal\/?p=40002"},"modified":"2024-12-11T10:41:51","modified_gmt":"2024-12-11T16:41:51","slug":"por-fin-reacciona-movilidad-ante-reclamo-por-falta-de-transporte","status":"publish","type":"post","link":"https:\/\/laultimapalabra.com.mx\/portal\/por-fin-reacciona-movilidad-ante-reclamo-por-falta-de-transporte\/","title":{"rendered":"\u00a1Por fin reacciona Movilidad ante reclamo por falta de transporte!"},"content":{"rendered":"<p>Cadereyta Jim\u00e9nez, N.L.- Despu\u00e9s de la entrevista con el Alcalde de Cadereyta, el ingeniero Cosme Juli\u00e1n Leal Cant\u00fa, realizada hace unos d\u00edas por este medio de informaci\u00f3n La \u00daltima Palabra, por fin el Gobierno del Estado reacciona y echa a andar a partir del d\u00eda de hoy lunes 17 de Abril, el primer circuito de la ruta transmetro que entrar\u00e1 a Cadereyta iniciando con la Ruta Alimentadora Bellavista- Valle del Roble.<\/p>\n<p>Este circuito fue prometido por el diputado Carlos Rodr\u00edguez desde el pasado 25 de febrero, anunciando en esa ocasi\u00f3n que entrar\u00eda en circulaci\u00f3n una semana despu\u00e9s.<\/p>\n<p>Y aunque no fue as\u00ed, por fin ahora los habitantes de Cadereyta podr\u00e1n disfrutar de este servicio que es responsabilidad del Gobierno del Estado.<\/p>\n<p>Afortunadamente, el reclamo del Alcalde fue escuchado por el Gobierno del Estado y se resolvi\u00f3 favorablemente, esperemos que contin\u00faen con los dem\u00e1s circuitos que est\u00e1n pendientes.<\/p>\n","protected":false},"excerpt":{"rendered":"<p>Cadereyta Jim\u00e9nez, N.L.- Despu\u00e9s de la entrevista con el Alcalde de Cadereyta, el ingeniero Cosme Juli\u00e1n Leal Cant\u00fa, realizada hace unos d\u00edas por este medio de informaci\u00f3n La \u00daltima Palabra, por fin el Gobierno del Estado reacciona y echa a andar a partir del d\u00eda de hoy lunes 17 de Abril, el primer circuito de [&hellip;]<\/p>\n","protected":false},"author":9,"featured_media":40005,"comment_status":"closed","ping_status":"closed","sticky":false,"template":"","format":"standard","meta":{"footnotes":""},"categories":[17],"tags":[3840,6901,6899,6900,5859],"class_list":["post-40002","post","type-post","status-publish","format-standard","has-post-thumbnail","hentry","category-locales-cadereyta","tag-cadereyta-jimenez-nl","tag-falta-de-transporte","tag-por-fin-reacciona-movilidad","tag-reclamo","tag-ultimas-noticias"],"_links":{"self":[{"href":"https:\/\/laultimapalabra.com.mx\/portal\/wp-json\/wp\/v2\/posts\/40002","targetHints":{"allow":["GET"]}}],"collection":[{"href":"https:\/\/laultimapalabra.com.mx\/portal\/wp-json\/wp\/v2\/posts"}],"about":[{"href":"https:\/\/laultimapalabra.com.mx\/portal\/wp-json\/wp\/v2\/types\/post"}],"author":[{"embeddable":true,"href":"https:\/\/laultimapalabra.com.mx\/portal\/wp-json\/wp\/v2\/users\/9"}],"replies":[{"embeddable":true,"href":"https:\/\/laultimapalabra.com.mx\/portal\/wp-json\/wp\/v2\/comments?post=40002"}],"version-history":[{"count":2,"href":"https:\/\/laultimapalabra.com.mx\/portal\/wp-json\/wp\/v2\/posts\/40002\/revisions"}],"predecessor-version":[{"id":82036,"href":"https:\/\/laultimapalabra.com.mx\/portal\/wp-json\/wp\/v2\/posts\/40002\/revisions\/82036"}],"wp:featuredmedia":[{"embeddable":true,"href":"https:\/\/laultimapalabra.com.mx\/portal\/wp-json\/wp\/v2\/media\/40005"}],"wp:attachment":[{"href":"https:\/\/laultimapalabra.com.mx\/portal\/wp-json\/wp\/v2\/media?parent=40002"}],"wp:term":[{"taxonomy":"category","embeddable":true,"href":"https:\/\/laultimapalabra.com.mx\/portal\/wp-json\/wp\/v2\/categories?post=40002"},{"taxonomy":"post_tag","embeddable":true,"href":"https:\/\/laultimapalabra.com.mx\/portal\/wp-json\/wp\/v2\/tags?post=40002"}],"curies":[{"name":"wp","href":"https:\/\/api.w.org\/{rel}","templated":true}]}}