                       {"id":40060,"date":"2023-04-18T11:28:17","date_gmt":"2023-04-18T17:28:17","guid":{"rendered":"https:\/\/laultimapalabra.com.mx\/portal\/?p=40060"},"modified":"2024-12-11T10:41:52","modified_gmt":"2024-12-11T16:41:52","slug":"deja-lesionada-choque-por-alcance","status":"publish","type":"post","link":"https:\/\/laultimapalabra.com.mx\/portal\/deja-lesionada-choque-por-alcance\/","title":{"rendered":"Deja lesionada choque por alcance"},"content":{"rendered":"<p>Cadereyta Jim\u00e9nez, N.L.-Un choque por alcance dej\u00f3 como saldo una mujer lesionada en el municipio de Cadereyta.<\/p>\n<p>El percance se registr\u00f3 la tarde del lunes en el libramiento Alfonso Mart\u00ednez Dom\u00ednguez a unos metros de la salida de la calle Benito Ju\u00e1rez.<\/p>\n<p>&nbsp;<\/p>\n<p>&nbsp;<\/p>\n<p>&nbsp;<\/p>\n<p><img loading=\"lazy\" decoding=\"async\" class=\"alignnone size-medium wp-image-40062\" src=\"https:\/\/laultimapalabra.com.mx\/portal\/wp-content\/uploads\/2023\/04\/IMG-20230418-WA0006-300x135.jpg\" alt=\"\" width=\"300\" height=\"135\" srcset=\"https:\/\/laultimapalabra.com.mx\/portal\/wp-content\/uploads\/2023\/04\/IMG-20230418-WA0006-300x135.jpg 300w, https:\/\/laultimapalabra.com.mx\/portal\/wp-content\/uploads\/2023\/04\/IMG-20230418-WA0006-1024x461.jpg 1024w, https:\/\/laultimapalabra.com.mx\/portal\/wp-content\/uploads\/2023\/04\/IMG-20230418-WA0006-768x346.jpg 768w, https:\/\/laultimapalabra.com.mx\/portal\/wp-content\/uploads\/2023\/04\/IMG-20230418-WA0006-1536x691.jpg 1536w, https:\/\/laultimapalabra.com.mx\/portal\/wp-content\/uploads\/2023\/04\/IMG-20230418-WA0006.jpg 1600w\" sizes=\"auto, (max-width: 300px) 100vw, 300px\" \/><\/p>\n<p>Al ir circulando en direcci\u00f3n de poniente a oriente una camioneta tipo Durango en color guindo, fue impactada por la parte trasera por un autom\u00f3vil tipo Corolla en color gris; por lo que debido a lo fuerte del impacto la acompa\u00f1ante del conductor de la camioneta result\u00f3 con algunas heridas.<\/p>\n<p>Param\u00e9dicos de Servicios de Emergencia Cadereyta trasladaron a la mujer identificada como Miriam de 45 a\u00f1os de edad al Hospital de PEMEX, para ser valorada y descartar lesiones de gravedad. Esto mientras elementos de Tr\u00e1nsito Municipal realizaban las indagatorias correspondientes para deslindar responsabilidades.<\/p>\n","protected":false},"excerpt":{"rendered":"<p>Cadereyta Jim\u00e9nez, N.L.-Un choque por alcance dej\u00f3 como saldo una mujer lesionada en el municipio de Cadereyta. El percance se registr\u00f3 la tarde del lunes en el libramiento Alfonso Mart\u00ednez Dom\u00ednguez a unos metros de la salida de la calle Benito Ju\u00e1rez. &nbsp; &nbsp; &nbsp; Al ir circulando en direcci\u00f3n de poniente a oriente una [&hellip;]<\/p>\n","protected":false},"author":9,"featured_media":40061,"comment_status":"closed","ping_status":"closed","sticky":false,"template":"","format":"standard","meta":{"footnotes":""},"categories":[17],"tags":[3840,4315,5859],"class_list":["post-40060","post","type-post","status-publish","format-standard","has-post-thumbnail","hentry","category-locales-cadereyta","tag-cadereyta-jimenez-nl","tag-lesionados","tag-ultimas-noticias"],"_links":{"self":[{"href":"https:\/\/laultimapalabra.com.mx\/portal\/wp-json\/wp\/v2\/posts\/40060","targetHints":{"allow":["GET"]}}],"collection":[{"href":"https:\/\/laultimapalabra.com.mx\/portal\/wp-json\/wp\/v2\/posts"}],"about":[{"href":"https:\/\/laultimapalabra.com.mx\/portal\/wp-json\/wp\/v2\/types\/post"}],"author":[{"embeddable":true,"href":"https:\/\/laultimapalabra.com.mx\/portal\/wp-json\/wp\/v2\/users\/9"}],"replies":[{"embeddable":true,"href":"https:\/\/laultimapalabra.com.mx\/portal\/wp-json\/wp\/v2\/comments?post=40060"}],"version-history":[{"count":2,"href":"https:\/\/laultimapalabra.com.mx\/portal\/wp-json\/wp\/v2\/posts\/40060\/revisions"}],"predecessor-version":[{"id":82062,"href":"https:\/\/laultimapalabra.com.mx\/portal\/wp-json\/wp\/v2\/posts\/40060\/revisions\/82062"}],"wp:featuredmedia":[{"embeddable":true,"href":"https:\/\/laultimapalabra.com.mx\/portal\/wp-json\/wp\/v2\/media\/40061"}],"wp:attachment":[{"href":"https:\/\/laultimapalabra.com.mx\/portal\/wp-json\/wp\/v2\/media?parent=40060"}],"wp:term":[{"taxonomy":"category","embeddable":true,"href":"https:\/\/laultimapalabra.com.mx\/portal\/wp-json\/wp\/v2\/categories?post=40060"},{"taxonomy":"post_tag","embeddable":true,"href":"https:\/\/laultimapalabra.com.mx\/portal\/wp-json\/wp\/v2\/tags?post=40060"}],"curies":[{"name":"wp","href":"https:\/\/api.w.org\/{rel}","templated":true}]}}