                       {"id":40074,"date":"2023-04-18T13:40:14","date_gmt":"2023-04-18T19:40:14","guid":{"rendered":"https:\/\/laultimapalabra.com.mx\/portal\/?p=40074"},"modified":"2024-12-11T10:41:52","modified_gmt":"2024-12-11T16:41:52","slug":"se-clasificara-informacion-de-sedena-y-semar-por-espionaje-de-eu-amlo","status":"publish","type":"post","link":"https:\/\/laultimapalabra.com.mx\/portal\/se-clasificara-informacion-de-sedena-y-semar-por-espionaje-de-eu-amlo\/","title":{"rendered":"Se clasificar\u00e1 informaci\u00f3n de Sedena y Semar por espionaje de EU: AMLO"},"content":{"rendered":"<p>Se clasificar\u00e1 informaci\u00f3n de Sedena y Semar por espionaje de EU: AMLO<\/p>\n<p>&nbsp;<\/p>\n<p>CDMX.- El presidente Andr\u00e9s Manuel L\u00f3pez Obrador acus\u00f3 que las fuerzas armadas mexicanas \u201cest\u00e1n siendo objeto de espionaje\u201d por parte del Pent\u00e1gono de Estados Unidos, y ante ello advirti\u00f3 que \u201cpor seguridad nacional\u201d se clasificar\u00e1 toda la informaci\u00f3n de las secretar\u00edas de la Defensa Nacional (Sedena) y de la Marina (Semar).<\/p>\n<p>Descart\u00f3 adem\u00e1s que el Ej\u00e9rcito haya incurrido en espionaje de activistas pro derechos humanos y que s\u00f3lo se hace trabajo de inteligencia en quienes se tiene informaci\u00f3n estar\u00edan vinculados a grupos o personas relacionados con actividades il\u00edcitas.<\/p>\n<p>\u201cAcerca de la inteligencia, que no espionaje (del lado mexicano), tenemos ya que cuidar tambi\u00e9n nuestra informaci\u00f3n, por seguridad nacional. Ya tom\u00e9 esa decisi\u00f3n, vamos a cuidar la informaci\u00f3n de la Semar y de la Sedena porque estamos siendo objeto de espionaje del Pent\u00e1gono, y muchos medios de informaci\u00f3n en M\u00e9xico est\u00e1n filtrando informaci\u00f3n que les entrega la DEA\u201d y otras agencias, se\u00f1al\u00f3 en la ma\u00f1anera de este martes en Palacio Nacional.<\/p>\n<p>El mandatario federal acus\u00f3 al Pent\u00e1gono de haber filtrado informaci\u00f3n sobre supuestas diferencias entre la Marina y el Ej\u00e9rcito al diario The Washington Post.<\/p>\n<p>\u201cVamos a cuidar la informaci\u00f3n y tenemos nuestra conciencia tranquila como para decir que no se van a violar derechos humanos (por clasificar la informaci\u00f3n) ni se va a espiar a nadie, nunca lo hemos hecho\u201d.<\/p>\n<p>Asever\u00f3 que la decisi\u00f3n se ha tomado porque \u201ctenemos que protegernos (\u2026) es una acci\u00f3n del exterior, entonces tenemos que cuidar la informaci\u00f3n y defender la soberan\u00eda\u201d.<\/p>\n<p>Plante\u00f3 que su administraci\u00f3n no hay problema de conciencia. \u201cNo somos represores y no espiamos. Lo hacemos (reservar la informaci\u00f3n de las fuerzas armadas) por seguridad, porque estamos sintiendo que est\u00e1n queriendo violar nuestra soberan\u00eda. Es un plan injerencista, utilizando como un instrumento a la prensa vendida o alquilada y a los grupos de intereses creados, al bloque conservador, a los corruptos que quieren regresar por sus fueros para seguir robando, Entonces, no vamos a quedarnos con los brazos cruzados\u201d.<\/p>\n<p>Se le pregunt\u00f3 si ayer, en la reuni\u00f3n que tuvo con el embajador de Estados Unidos en M\u00e9xico, Ken Salazar, habl\u00f3 de este se\u00f1alamiento en contra de las agencias de seguridad de ese pa\u00eds, incluido el Pent\u00e1gono, a lo que el presidente respondi\u00f3: \u201cHablamos de otras cosas, esto (las visitas del diplom\u00e1tico a Palacio Nacional) es rutina\u201d.<\/p>\n<p>Se le interrog\u00f3 entonces si esta determinaci\u00f3n no abonar\u00eda a que las fuerzas armadas pudieran ser menos transparentes y hubiera riesgos de violaciones a las garant\u00edas fundamentales, a lo que el jefe del Ejecutivo afirm\u00f3 que no habr\u00e1 esos peligros.<\/p>\n<p>\u201cHay facultades (para reservar informaci\u00f3n), las que establece la ley. Si hay una informaci\u00f3n que se considera de seguridad nacional (se blindar\u00e1). Nosotros hab\u00edamos dicho, al principio, (dar) todo, pero se est\u00e1n metiendo como los globos de China \u00bfno? (uno de los cuales el gobierno de Estados Unidos destruy\u00f3 argumentando espionaje). Que no los vamos a bajar con tiradores, con las resorteras\u201d.<\/p>\n<p>Asever\u00f3 que no habr\u00e1 riesgos de violaci\u00f3n a los derechos humanos debido a que la Semar, la Sedena y todo el gobierno de la Rep\u00fablica \u201cson respetuosos\u201d de esas garant\u00edas.<\/p>\n<p>En medio de esta intervenci\u00f3n del presidente, se le pregunt\u00f3 sobre las denuncias que trascendieron esta ma\u00f1ana que el Ej\u00e9rcito habr\u00eda espiado a dos colaboradores del Centro de Derechos Humanos Miguel Agust\u00edn Pro Ju\u00e1rez, lo cual rechaz\u00f3.<\/p>\n<p>&nbsp;<\/p>\n<p>FUENTE: LA JORNADA<\/p>\n","protected":false},"excerpt":{"rendered":"<p>Se clasificar\u00e1 informaci\u00f3n de Sedena y Semar por espionaje de EU: AMLO &nbsp; CDMX.- El presidente Andr\u00e9s Manuel L\u00f3pez Obrador acus\u00f3 que las fuerzas armadas mexicanas \u201cest\u00e1n siendo objeto de espionaje\u201d por parte del Pent\u00e1gono de Estados Unidos, y ante ello advirti\u00f3 que \u201cpor seguridad nacional\u201d se clasificar\u00e1 toda la informaci\u00f3n de las secretar\u00edas de [&hellip;]<\/p>\n","protected":false},"author":9,"featured_media":40075,"comment_status":"closed","ping_status":"closed","sticky":false,"template":"","format":"standard","meta":{"footnotes":""},"categories":[19],"tags":[124,6918,5859,6919],"class_list":["post-40074","post","type-post","status-publish","format-standard","has-post-thumbnail","hentry","category-nacional","tag-amlo","tag-se-clasificara-informacion-de-sedena","tag-ultimas-noticias","tag-y-semar-por-espionaje"],"_links":{"self":[{"href":"https:\/\/laultimapalabra.com.mx\/portal\/wp-json\/wp\/v2\/posts\/40074","targetHints":{"allow":["GET"]}}],"collection":[{"href":"https:\/\/laultimapalabra.com.mx\/portal\/wp-json\/wp\/v2\/posts"}],"about":[{"href":"https:\/\/laultimapalabra.com.mx\/portal\/wp-json\/wp\/v2\/types\/post"}],"author":[{"embeddable":true,"href":"https:\/\/laultimapalabra.com.mx\/portal\/wp-json\/wp\/v2\/users\/9"}],"replies":[{"embeddable":true,"href":"https:\/\/laultimapalabra.com.mx\/portal\/wp-json\/wp\/v2\/comments?post=40074"}],"version-history":[{"count":2,"href":"https:\/\/laultimapalabra.com.mx\/portal\/wp-json\/wp\/v2\/posts\/40074\/revisions"}],"predecessor-version":[{"id":82070,"href":"https:\/\/laultimapalabra.com.mx\/portal\/wp-json\/wp\/v2\/posts\/40074\/revisions\/82070"}],"wp:featuredmedia":[{"embeddable":true,"href":"https:\/\/laultimapalabra.com.mx\/portal\/wp-json\/wp\/v2\/media\/40075"}],"wp:attachment":[{"href":"https:\/\/laultimapalabra.com.mx\/portal\/wp-json\/wp\/v2\/media?parent=40074"}],"wp:term":[{"taxonomy":"category","embeddable":true,"href":"https:\/\/laultimapalabra.com.mx\/portal\/wp-json\/wp\/v2\/categories?post=40074"},{"taxonomy":"post_tag","embeddable":true,"href":"https:\/\/laultimapalabra.com.mx\/portal\/wp-json\/wp\/v2\/tags?post=40074"}],"curies":[{"name":"wp","href":"https:\/\/api.w.org\/{rel}","templated":true}]}}