                       {"id":40255,"date":"2023-04-21T15:44:39","date_gmt":"2023-04-21T21:44:39","guid":{"rendered":"https:\/\/laultimapalabra.com.mx\/portal\/?p=40255"},"modified":"2024-12-11T10:41:42","modified_gmt":"2024-12-11T16:41:42","slug":"gobierno-veracruzano-denunciara-a-juez-por-presuntas-irregularidades","status":"publish","type":"post","link":"https:\/\/laultimapalabra.com.mx\/portal\/gobierno-veracruzano-denunciara-a-juez-por-presuntas-irregularidades\/","title":{"rendered":"Gobierno veracruzano denunciar\u00e1 a juez por presuntas irregularidades"},"content":{"rendered":"<p>Veracruz, Ver.- El gobierno de Veracruz denunciar\u00e1 al juez federal Jos\u00e9 Arqu\u00edmides Gregorio Loranca Luna al considerar que \u201cha tenido una mala actuaci\u00f3n\u201d en las acciones contra la Torre Centro de Veracruz, pues aun cuando obra que \u201cha incumplido\u201d los dict\u00e1menes de protecci\u00f3n civil y de cambio de uso de suelo, ha otorgado cuatro amparos en favor de los due\u00f1os del inmueble.<\/p>\n<p>As\u00ed lo inform\u00f3 esta ma\u00f1ana el gobernador de esta entidad, Cuitl\u00e1huac Garc\u00eda, al participar en la ma\u00f1anera del presidente Andr\u00e9s Manuel L\u00f3pez Obrador, que se realiza desde este hist\u00f3rico puerto.<\/p>\n<p>El mandatario estatal deline\u00f3 que no es la primera ocasi\u00f3n que este juzgador incurre en presuntas irregularidades en su actuaci\u00f3n, pues hace unos meses orden\u00f3 la liberaci\u00f3n de los padres del joven Marlo \u201cN\u201d, quienes habr\u00edan ayudado a su hijo a evadir la justicia luego de ser se\u00f1alado del feminicidio de una joven llamada Monserrat.<\/p>\n<p>Asimismo, dijo Garc\u00eda, ese mismo juez dej\u00f3 en libertad a uno de los acusados por el caso de los llamados Porkys, quienes en este estado abusaron sexualmente de una menor de edad de nombre Daphne en 2015, y que caus\u00f3 conmoci\u00f3n e indignaci\u00f3n no s\u00f3lo en territorio veracruzano, sino a escala nacional e internacional.<\/p>\n<p>El gobernador habl\u00f3 de la situaci\u00f3n de los procesos que su administraci\u00f3n ha interpuesto contra esta torre \u2014la cual el propio L\u00f3pez Obrador ha criticado no s\u00f3lo por las irregularidades en su edificaci\u00f3n, sino porque rompe con el paisaje arquitect\u00f3nico del Puerto.<\/p>\n<p>Garc\u00eda apunt\u00f3 que este inmueble no tiene los permisos correspondientes de ley que cualquier procedimiento de este tipo de obra requiere y aun as\u00ed, \u201chan librado, por decirlo de alguna manera, algunas acciones que hemos interpuesto en su contra\u201d.<\/p>\n<p>Explic\u00f3 que su gobierno ha presentado siete juicios y dos jueces federales han otorgado beneficios a los due\u00f1os.<\/p>\n<p>En un primer lugar, el juzgador Mario de la Molina Soto atendi\u00f3 el caso judicial, pero despu\u00e9s de un tiempo y de otorgar suspensiones en favor de los due\u00f1os del edificio, se excus\u00f3 de continuar en el proceso debido a que es pariente de uno de ellos.<\/p>\n<p>As\u00ed, el caso recay\u00f3 en Loranca Luna, quien ha concedido cuatro amparos con suspensiones procesionales y definitivas en favor de quienes se ostentan como propietarios de la construcci\u00f3n.<\/p>\n<p>La mayor de las irregularidades, dijo el gobernador, es que la edificaci\u00f3n no cuenta con los dict\u00e1menes de protecci\u00f3n civil o de cambio de uso de suelo. \u201cNinguna obra puede realizarse sin estos dos dict\u00e1menes, pero la obra est\u00e1 casi concluida y los jueces en lugar de observar que se han construido de manera ilegal, han otorgado los amparos\u201d.<\/p>\n<p>Por ello, la administraci\u00f3n estatal emprender\u00e1 un proceso ante el Consejo de la Judicatura Federal para que se investigue y, en su caso, se sancione a Laranca Luna. \u201cProcedemos a su denuncia, porque vemos una mala actuaci\u00f3n del juez\u201d.<\/p>\n<p>FUENTE: LA JORNADA<\/p>\n","protected":false},"excerpt":{"rendered":"<p>Veracruz, Ver.- El gobierno de Veracruz denunciar\u00e1 al juez federal Jos\u00e9 Arqu\u00edmides Gregorio Loranca Luna al considerar que \u201cha tenido una mala actuaci\u00f3n\u201d en las acciones contra la Torre Centro de Veracruz, pues aun cuando obra que \u201cha incumplido\u201d los dict\u00e1menes de protecci\u00f3n civil y de cambio de uso de suelo, ha otorgado cuatro amparos [&hellip;]<\/p>\n","protected":false},"author":9,"featured_media":40256,"comment_status":"closed","ping_status":"closed","sticky":false,"template":"","format":"standard","meta":{"footnotes":""},"categories":[19],"tags":[124,6854,6975,6977,6976,5859],"class_list":["post-40255","post","type-post","status-publish","format-standard","has-post-thumbnail","hentry","category-nacional","tag-amlo","tag-cuitlahuacgarcia","tag-denunciaobernadordeveracruzajuez","tag-juezcorrupto","tag-juezfederaljosearquimidesgregoriolorancaluna","tag-ultimas-noticias"],"_links":{"self":[{"href":"https:\/\/laultimapalabra.com.mx\/portal\/wp-json\/wp\/v2\/posts\/40255","targetHints":{"allow":["GET"]}}],"collection":[{"href":"https:\/\/laultimapalabra.com.mx\/portal\/wp-json\/wp\/v2\/posts"}],"about":[{"href":"https:\/\/laultimapalabra.com.mx\/portal\/wp-json\/wp\/v2\/types\/post"}],"author":[{"embeddable":true,"href":"https:\/\/laultimapalabra.com.mx\/portal\/wp-json\/wp\/v2\/users\/9"}],"replies":[{"embeddable":true,"href":"https:\/\/laultimapalabra.com.mx\/portal\/wp-json\/wp\/v2\/comments?post=40255"}],"version-history":[{"count":2,"href":"https:\/\/laultimapalabra.com.mx\/portal\/wp-json\/wp\/v2\/posts\/40255\/revisions"}],"predecessor-version":[{"id":81544,"href":"https:\/\/laultimapalabra.com.mx\/portal\/wp-json\/wp\/v2\/posts\/40255\/revisions\/81544"}],"wp:featuredmedia":[{"embeddable":true,"href":"https:\/\/laultimapalabra.com.mx\/portal\/wp-json\/wp\/v2\/media\/40256"}],"wp:attachment":[{"href":"https:\/\/laultimapalabra.com.mx\/portal\/wp-json\/wp\/v2\/media?parent=40255"}],"wp:term":[{"taxonomy":"category","embeddable":true,"href":"https:\/\/laultimapalabra.com.mx\/portal\/wp-json\/wp\/v2\/categories?post=40255"},{"taxonomy":"post_tag","embeddable":true,"href":"https:\/\/laultimapalabra.com.mx\/portal\/wp-json\/wp\/v2\/tags?post=40255"}],"curies":[{"name":"wp","href":"https:\/\/api.w.org\/{rel}","templated":true}]}}