                       {"id":40354,"date":"2023-04-24T16:10:17","date_gmt":"2023-04-24T22:10:17","guid":{"rendered":"https:\/\/laultimapalabra.com.mx\/portal\/?p=40354"},"modified":"2024-12-11T10:41:55","modified_gmt":"2024-12-11T16:41:55","slug":"lopez-obrador-dio-positivo-al-covid-suspende-gira-en-yucatan","status":"publish","type":"post","link":"https:\/\/laultimapalabra.com.mx\/portal\/lopez-obrador-dio-positivo-al-covid-suspende-gira-en-yucatan\/","title":{"rendered":"L\u00f3pez Obrador di\u00f3 positivo al covid; suspende gira en Yucat\u00e1n"},"content":{"rendered":"<p>Ciudad de M\u00e9xico.- El presidente Andr\u00e9s Manuel L\u00f3pez Obrador result\u00f3 positivo a covid-19, por lo cual debi\u00f3 suspender este domingo su gira de supervisi\u00f3n de las obras del Tren Maya en Yucat\u00e1n, que inclu\u00eda una reuni\u00f3n evaluatoria de los avances en los \u00faltimos 15 d\u00edas que no hab\u00eda acudido a la entidad.<\/p>\n<p>A trav\u00e9s de sus redes sociales, el propio mandatario inform\u00f3 del padecimiento que lo mantendr\u00e1 alejado de la actividad p\u00fablica los pr\u00f3ximos d\u00edas.<\/p>\n<p>\u201cNi modo, amigas y amigos: sal\u00ed positivo a covid-19. No es grave. Mi coraz\u00f3n est\u00e1 al 100 y como tuve que suspender la gira, estoy en la ciudad y de lejitos festejo los 16 a\u00f1os de Jes\u00fas Ernesto. Me guardar\u00e9 unos d\u00edas. Ad\u00e1n Augusto L\u00f3pez encabezar\u00e1 las ma\u00f1aneras. Nos vemos pronto\u201d.<\/p>\n<p>A trav\u00e9s de un comunicado, la Presidencia de la Rep\u00fablica inform\u00f3 que \u201caunque no es grave y su coraz\u00f3n se encuentra en \u00f3ptimas condiciones, el primer mandatario suspendi\u00f3 la gira por el sureste mexicano\u201d.<\/p>\n<p>Es la tercera ocasi\u00f3n que el presidente contrae covid.<\/p>\n<p>En las tres ocasiones no se han suspendido las conferencias de prensa, pues siempre han sido los titulares de Gobernaci\u00f3n, en su momento Olga S\u00e1nchez Cordero y ahora Ad\u00e1n Augusto L\u00f3pez, quienes lo han sustituido.<\/p>\n<p>FUENTE: LA JORNADA<\/p>\n","protected":false},"excerpt":{"rendered":"<p>Ciudad de M\u00e9xico.- El presidente Andr\u00e9s Manuel L\u00f3pez Obrador result\u00f3 positivo a covid-19, por lo cual debi\u00f3 suspender este domingo su gira de supervisi\u00f3n de las obras del Tren Maya en Yucat\u00e1n, que inclu\u00eda una reuni\u00f3n evaluatoria de los avances en los \u00faltimos 15 d\u00edas que no hab\u00eda acudido a la entidad. A trav\u00e9s de [&hellip;]<\/p>\n","protected":false},"author":9,"featured_media":40355,"comment_status":"closed","ping_status":"closed","sticky":false,"template":"","format":"standard","meta":{"footnotes":""},"categories":[19],"tags":[7006,124,7007,4203,7005,5859],"class_list":["post-40354","post","type-post","status-publish","format-standard","has-post-thumbnail","hentry","category-nacional","tag-adanaugusto","tag-amlo","tag-animopresidente","tag-covid","tag-mananeras","tag-ultimas-noticias"],"_links":{"self":[{"href":"https:\/\/laultimapalabra.com.mx\/portal\/wp-json\/wp\/v2\/posts\/40354","targetHints":{"allow":["GET"]}}],"collection":[{"href":"https:\/\/laultimapalabra.com.mx\/portal\/wp-json\/wp\/v2\/posts"}],"about":[{"href":"https:\/\/laultimapalabra.com.mx\/portal\/wp-json\/wp\/v2\/types\/post"}],"author":[{"embeddable":true,"href":"https:\/\/laultimapalabra.com.mx\/portal\/wp-json\/wp\/v2\/users\/9"}],"replies":[{"embeddable":true,"href":"https:\/\/laultimapalabra.com.mx\/portal\/wp-json\/wp\/v2\/comments?post=40354"}],"version-history":[{"count":2,"href":"https:\/\/laultimapalabra.com.mx\/portal\/wp-json\/wp\/v2\/posts\/40354\/revisions"}],"predecessor-version":[{"id":82202,"href":"https:\/\/laultimapalabra.com.mx\/portal\/wp-json\/wp\/v2\/posts\/40354\/revisions\/82202"}],"wp:featuredmedia":[{"embeddable":true,"href":"https:\/\/laultimapalabra.com.mx\/portal\/wp-json\/wp\/v2\/media\/40355"}],"wp:attachment":[{"href":"https:\/\/laultimapalabra.com.mx\/portal\/wp-json\/wp\/v2\/media?parent=40354"}],"wp:term":[{"taxonomy":"category","embeddable":true,"href":"https:\/\/laultimapalabra.com.mx\/portal\/wp-json\/wp\/v2\/categories?post=40354"},{"taxonomy":"post_tag","embeddable":true,"href":"https:\/\/laultimapalabra.com.mx\/portal\/wp-json\/wp\/v2\/tags?post=40354"}],"curies":[{"name":"wp","href":"https:\/\/api.w.org\/{rel}","templated":true}]}}