                       {"id":40533,"date":"2023-04-27T15:20:05","date_gmt":"2023-04-27T21:20:05","guid":{"rendered":"https:\/\/laultimapalabra.com.mx\/portal\/?p=40533"},"modified":"2024-12-11T10:41:56","modified_gmt":"2024-12-11T16:41:56","slug":"es-lamentable-la-campana-de-odio-contra-amlo-segob","status":"publish","type":"post","link":"https:\/\/laultimapalabra.com.mx\/portal\/es-lamentable-la-campana-de-odio-contra-amlo-segob\/","title":{"rendered":"Es lamentable la campa\u00f1a de odio contra AMLO: Segob"},"content":{"rendered":"<p>Ciudad de M\u00e9xico. &#8211; \u00a0El secretario de Gobernaci\u00f3n, Ad\u00e1n Augusto L\u00f3pez, denunci\u00f3 este jueves que se desat\u00f3 una &#8220;campa\u00f1a de odio&#8221; contra el presidente, Andr\u00e9s Manuel L\u00f3pez Obrador, por las especulaciones sobre su salud tras su contagio de covid-19.<\/p>\n<p>Sus declaraciones se producen despu\u00e9s de que L\u00f3pez Obrador reapareci\u00f3 el mi\u00e9rcoles en un video para desmentir rumores sobre su salud tras acumular m\u00e1s de 72 horas sin emitir ning\u00fan mensaje tras contraer la covid-19 el domingo.<\/p>\n<p>&#8220;Como presidente de M\u00e9xico tengo la responsabilidad de informarles sobre mi estado de salud, ya lo hice, pero de todas maneras como ha habido especulaciones es importante decirles que estoy bien&#8221;, dijo L\u00f3pez Obrador.<\/p>\n<p>La salud del mandatario, de 69 a\u00f1os, ha despertado inquietud porque ya hab\u00eda contra\u00eddo covid-19 dos veces antes, la primera en enero de 2021 y la segunda en enero de 2022, y en ambas ocasiones public\u00f3 im\u00e1genes desde el aislamiento.<\/p>\n<p>Adem\u00e1s, el gobernante mexicano padece de hipertensi\u00f3n, en enero de 2022 tuvo un cateterismo, una exploraci\u00f3n en el coraz\u00f3n, y en diciembre de 2013 sufri\u00f3 un infarto agudo de miocardio, por lo que entonces tuvo una cirug\u00eda coronaria.<\/p>\n<p>Aunque organizaciones civiles y la oposici\u00f3n reclamaron transparencia sobre la salud del mandatario por ser de inter\u00e9s p\u00fablico y seguridad nacional, el secretario de Gobernaci\u00f3n defendi\u00f3 la informaci\u00f3n que ha dado el Gobierno.<\/p>\n<p>&#8220;El presidente, afortunadamente, y como lo dijimos desde el lunes aqu\u00ed en la ma\u00f1ana y como \u00e9l lo di\u00f3 a conocer el domingo, est\u00e1 bien. Est\u00e1 recuper\u00e1ndose ya plenamente. Tuvimos la oportunidad los mexicanos de verlo ayer en el video que hizo p\u00fablico en sus redes sociales&#8221;, indic\u00f3 L\u00f3pez.<\/p>\n<p>Ante los rumores, L\u00f3pez Obrador reconoci\u00f3 que tuvo &#8220;un desmayo transitorio&#8221;, pero el secretario de Gobernaci\u00f3n reiter\u00f3 que no padeci\u00f3 un infarto, como circul\u00f3 en redes sociales.<\/p>\n<p>&#8220;Seguramente antes del fin de semana reanudar\u00e1 sus actividades de manera cotidiana, pero nos queda de ense\u00f1anza a los mexicanos que es verdaderamente mezquina la manera en la que algunos medios, pseudoperiodistas, pseudocolumnistas, responden a intereses oscuros&#8221;, indic\u00f3 L\u00f3pez.<\/p>\n<p>&nbsp;<\/p>\n<p>Fuente: EL PA\u00cdS<\/p>\n","protected":false},"excerpt":{"rendered":"<p>Ciudad de M\u00e9xico. &#8211; \u00a0El secretario de Gobernaci\u00f3n, Ad\u00e1n Augusto L\u00f3pez, denunci\u00f3 este jueves que se desat\u00f3 una &#8220;campa\u00f1a de odio&#8221; contra el presidente, Andr\u00e9s Manuel L\u00f3pez Obrador, por las especulaciones sobre su salud tras su contagio de covid-19. Sus declaraciones se producen despu\u00e9s de que L\u00f3pez Obrador reapareci\u00f3 el mi\u00e9rcoles en un video para [&hellip;]<\/p>\n","protected":false},"author":9,"featured_media":40541,"comment_status":"closed","ping_status":"closed","sticky":false,"template":"","format":"standard","meta":{"footnotes":""},"categories":[19],"tags":[124,7052,5859],"class_list":["post-40533","post","type-post","status-publish","format-standard","has-post-thumbnail","hentry","category-nacional","tag-amlo","tag-campana-de-odio-contra-amlo","tag-ultimas-noticias"],"_links":{"self":[{"href":"https:\/\/laultimapalabra.com.mx\/portal\/wp-json\/wp\/v2\/posts\/40533","targetHints":{"allow":["GET"]}}],"collection":[{"href":"https:\/\/laultimapalabra.com.mx\/portal\/wp-json\/wp\/v2\/posts"}],"about":[{"href":"https:\/\/laultimapalabra.com.mx\/portal\/wp-json\/wp\/v2\/types\/post"}],"author":[{"embeddable":true,"href":"https:\/\/laultimapalabra.com.mx\/portal\/wp-json\/wp\/v2\/users\/9"}],"replies":[{"embeddable":true,"href":"https:\/\/laultimapalabra.com.mx\/portal\/wp-json\/wp\/v2\/comments?post=40533"}],"version-history":[{"count":3,"href":"https:\/\/laultimapalabra.com.mx\/portal\/wp-json\/wp\/v2\/posts\/40533\/revisions"}],"predecessor-version":[{"id":82294,"href":"https:\/\/laultimapalabra.com.mx\/portal\/wp-json\/wp\/v2\/posts\/40533\/revisions\/82294"}],"wp:featuredmedia":[{"embeddable":true,"href":"https:\/\/laultimapalabra.com.mx\/portal\/wp-json\/wp\/v2\/media\/40541"}],"wp:attachment":[{"href":"https:\/\/laultimapalabra.com.mx\/portal\/wp-json\/wp\/v2\/media?parent=40533"}],"wp:term":[{"taxonomy":"category","embeddable":true,"href":"https:\/\/laultimapalabra.com.mx\/portal\/wp-json\/wp\/v2\/categories?post=40533"},{"taxonomy":"post_tag","embeddable":true,"href":"https:\/\/laultimapalabra.com.mx\/portal\/wp-json\/wp\/v2\/tags?post=40533"}],"curies":[{"name":"wp","href":"https:\/\/api.w.org\/{rel}","templated":true}]}}