                       {"id":40575,"date":"2023-04-28T00:09:22","date_gmt":"2023-04-28T06:09:22","guid":{"rendered":"https:\/\/laultimapalabra.com.mx\/portal\/?p=40575"},"modified":"2024-12-11T10:41:57","modified_gmt":"2024-12-11T16:41:57","slug":"afecta-ventarron-domicilios-en-san-juan","status":"publish","type":"post","link":"https:\/\/laultimapalabra.com.mx\/portal\/afecta-ventarron-domicilios-en-san-juan\/","title":{"rendered":"Afecta ventarr\u00f3n domicilios en San Juan"},"content":{"rendered":"\n<p>Cadereyta Jim\u00e9nez, N.L.-La tarde del jueves una tormenta acompa\u00f1ada de lluvia, granizo y fuertes vientos provoc\u00f3 da\u00f1os a varios domicilios en el municipio de Cadereyta.<br \/>La mayor afectaci\u00f3n se di\u00f3 en la comunidad de San Juan, en donde de varios domicilios salieron volando techos de l\u00e1mina.<br \/>Seg\u00fan el radar meteorol\u00f3gico de Protecci\u00f3n Civil de Nuevo Le\u00f3n, en el lugar se alcanzaron rachas de viento de 96 kil\u00f3metros por hora, por tal motivo el viento levant\u00f3 los techos con facilidad.<br \/>Afortunadamente no hubo personas lesionadas, s\u00f3lo los da\u00f1os materiales que captaron los mismos habitantes en im\u00e1genes.<\/p>\n\n\n\n<figure class=\"wp-block-image size-large\"><img loading=\"lazy\" decoding=\"async\" width=\"1024\" height=\"461\" src=\"https:\/\/laultimapalabra.com.mx\/portal\/wp-content\/uploads\/2023\/04\/IMG-20230427-WA0256-1024x461.jpg\" alt=\"\" class=\"wp-image-40573\" srcset=\"https:\/\/laultimapalabra.com.mx\/portal\/wp-content\/uploads\/2023\/04\/IMG-20230427-WA0256-1024x461.jpg 1024w, https:\/\/laultimapalabra.com.mx\/portal\/wp-content\/uploads\/2023\/04\/IMG-20230427-WA0256-300x135.jpg 300w, https:\/\/laultimapalabra.com.mx\/portal\/wp-content\/uploads\/2023\/04\/IMG-20230427-WA0256-768x346.jpg 768w, https:\/\/laultimapalabra.com.mx\/portal\/wp-content\/uploads\/2023\/04\/IMG-20230427-WA0256.jpg 1080w\" sizes=\"auto, (max-width: 1024px) 100vw, 1024px\" \/><\/figure>\n\r\n","protected":false},"excerpt":{"rendered":"<p>Cadereyta Jim\u00e9nez, N.L.-La tarde del jueves una tormenta acompa\u00f1ada de lluvia, granizo y fuertes vientos provoc\u00f3 da\u00f1os a varios domicilios en el municipio de Cadereyta.La mayor afectaci\u00f3n se di\u00f3 en la comunidad de San Juan, en donde de varios domicilios salieron volando techos de l\u00e1mina.Seg\u00fan el radar meteorol\u00f3gico de Protecci\u00f3n Civil de Nuevo Le\u00f3n, en [&hellip;]<\/p>\n","protected":false},"author":7,"featured_media":40574,"comment_status":"closed","ping_status":"closed","sticky":false,"template":"","format":"standard","meta":{"footnotes":""},"categories":[1],"tags":[2600,7060,2074,7059],"class_list":["post-40575","post","type-post","status-publish","format-standard","has-post-thumbnail","hentry","category-noticias","tag-cadereyta","tag-danos-materiales","tag-san-juan","tag-tormenta"],"_links":{"self":[{"href":"https:\/\/laultimapalabra.com.mx\/portal\/wp-json\/wp\/v2\/posts\/40575","targetHints":{"allow":["GET"]}}],"collection":[{"href":"https:\/\/laultimapalabra.com.mx\/portal\/wp-json\/wp\/v2\/posts"}],"about":[{"href":"https:\/\/laultimapalabra.com.mx\/portal\/wp-json\/wp\/v2\/types\/post"}],"author":[{"embeddable":true,"href":"https:\/\/laultimapalabra.com.mx\/portal\/wp-json\/wp\/v2\/users\/7"}],"replies":[{"embeddable":true,"href":"https:\/\/laultimapalabra.com.mx\/portal\/wp-json\/wp\/v2\/comments?post=40575"}],"version-history":[{"count":2,"href":"https:\/\/laultimapalabra.com.mx\/portal\/wp-json\/wp\/v2\/posts\/40575\/revisions"}],"predecessor-version":[{"id":82316,"href":"https:\/\/laultimapalabra.com.mx\/portal\/wp-json\/wp\/v2\/posts\/40575\/revisions\/82316"}],"wp:featuredmedia":[{"embeddable":true,"href":"https:\/\/laultimapalabra.com.mx\/portal\/wp-json\/wp\/v2\/media\/40574"}],"wp:attachment":[{"href":"https:\/\/laultimapalabra.com.mx\/portal\/wp-json\/wp\/v2\/media?parent=40575"}],"wp:term":[{"taxonomy":"category","embeddable":true,"href":"https:\/\/laultimapalabra.com.mx\/portal\/wp-json\/wp\/v2\/categories?post=40575"},{"taxonomy":"post_tag","embeddable":true,"href":"https:\/\/laultimapalabra.com.mx\/portal\/wp-json\/wp\/v2\/tags?post=40575"}],"curies":[{"name":"wp","href":"https:\/\/api.w.org\/{rel}","templated":true}]}}