                       {"id":4068,"date":"2018-10-10T16:56:48","date_gmt":"2018-10-10T16:56:48","guid":{"rendered":"http:\/\/laultimapalabra.info\/?p=4068"},"modified":"2024-12-11T08:53:17","modified_gmt":"2024-12-11T14:53:17","slug":"exige-morena-en-senado-frenar-feminicidios","status":"publish","type":"post","link":"https:\/\/laultimapalabra.com.mx\/portal\/exige-morena-en-senado-frenar-feminicidios\/","title":{"rendered":"Exige Morena en Senado frenar feminicidios"},"content":{"rendered":"<p style=\"text-align: justify;\"><img loading=\"lazy\" decoding=\"async\" class=\"size-medium wp-image-4069 alignleft\" src=\"https:\/\/laultimapalabra.com.mx\/portal\/wp-content\/uploads\/2018\/10\/4039812-300x200.jpg\" alt=\"\" width=\"300\" height=\"200\" \/>Cd. de M\u00e9xico (10 octubre 2018).- Senadores de Morena exigieron al Gobierno federal, en funciones y electo, establecer medidas de emergencia nacional para hacer frente al grave problema de los feminicidios.<\/p>\n<p style=\"text-align: justify;\">El legislador Jos\u00e9 Narro C\u00e9spedes urgi\u00f3 a la PGR a fortalecer la Fiscal\u00eda Especial para los Delitos de Violencia Contra las Mujeres y Trata de Personas para atender los casos que se han registrado.<\/p>\n<p style=\"text-align: justify;\">El pol\u00edtico zacatecano demand\u00f3 las mismas acciones a las fiscal\u00edas estatales, adem\u00e1s de mejorar la capacitaci\u00f3n y sensibilizaci\u00f3n de los agentes del ministerio p\u00fablico y polic\u00edas para asuntos de g\u00e9nero.<\/p>\n<p style=\"text-align: justify;\">Narro pidi\u00f3 a la Secretar\u00eda de Educaci\u00f3n P\u00fablica (SEP) fortalecer un enfoque de g\u00e9nero en sus programas de estudio e incluso llam\u00f3 a los medios de comunicaci\u00f3n a hacer una revisi\u00f3n de contenidos para evitar la cosificaci\u00f3n y sexualizaci\u00f3n de las mujeres.<\/p>\n<p style=\"text-align: justify;\">El senador de Morena record\u00f3 que, seg\u00fan el INEGI, de los 46.5 millones de mujeres de 15 a\u00f1os y m\u00e1s que hay en M\u00e9xico, el 66.1 por ciento ha enfrentado violencia de cualquier tipo y de cualquier agresor.<\/p>\n<p style=\"text-align: justify;\">&#8220;Es particularmente relevante la violencia sexual que han enfrentado las mujeres j\u00f3venes entre 18 y 29 a\u00f1os&#8221;, dijo.<\/p>\n<p style=\"text-align: justify;\">&#8220;En estos grupos, la mitad de ellas ha sido agredida sexualmente&#8221;.<\/p>\n<p style=\"text-align: justify;\">Detall\u00f3 que las ni\u00f1as de 15 a 17 a\u00f1os presentan niveles altos de violencia sexual, emocional y f\u00edsica, ya que, a su corta edad han sido v\u00edctimas de abusos de diversa \u00edndole.<\/p>\n<p style=\"text-align: justify;\">El llamado del legislador federal ser\u00e1 discutido en la Comisi\u00f3n de Seguridad P\u00fablica del Senado.<\/p>\n<p style=\"text-align: justify;\">fuente: EL NORTE<\/p>\n","protected":false},"excerpt":{"rendered":"<p>Cd. de M\u00e9xico (10 octubre 2018).- Senadores de Morena exigieron al Gobierno federal, en funciones y electo, establecer medidas de emergencia nacional para hacer frente al grave problema de los feminicidios. El legislador Jos\u00e9 Narro C\u00e9spedes urgi\u00f3 a la PGR a fortalecer la Fiscal\u00eda Especial para los Delitos de Violencia Contra las Mujeres y Trata [&hellip;]<\/p>\n","protected":false},"author":9,"featured_media":4069,"comment_status":"open","ping_status":"closed","sticky":false,"template":"","format":"standard","meta":{"footnotes":""},"categories":[19,8],"tags":[1107,1345,2126],"class_list":["post-4068","post","type-post","status-publish","format-standard","has-post-thumbnail","hentry","category-nacional","category-seguridad","tag-freno-feminicidios","tag-jose-narro-cespedes","tag-senado"],"_links":{"self":[{"href":"https:\/\/laultimapalabra.com.mx\/portal\/wp-json\/wp\/v2\/posts\/4068","targetHints":{"allow":["GET"]}}],"collection":[{"href":"https:\/\/laultimapalabra.com.mx\/portal\/wp-json\/wp\/v2\/posts"}],"about":[{"href":"https:\/\/laultimapalabra.com.mx\/portal\/wp-json\/wp\/v2\/types\/post"}],"author":[{"embeddable":true,"href":"https:\/\/laultimapalabra.com.mx\/portal\/wp-json\/wp\/v2\/users\/9"}],"replies":[{"embeddable":true,"href":"https:\/\/laultimapalabra.com.mx\/portal\/wp-json\/wp\/v2\/comments?post=4068"}],"version-history":[{"count":1,"href":"https:\/\/laultimapalabra.com.mx\/portal\/wp-json\/wp\/v2\/posts\/4068\/revisions"}],"predecessor-version":[{"id":65196,"href":"https:\/\/laultimapalabra.com.mx\/portal\/wp-json\/wp\/v2\/posts\/4068\/revisions\/65196"}],"wp:featuredmedia":[{"embeddable":true,"href":"https:\/\/laultimapalabra.com.mx\/portal\/wp-json\/"}],"wp:attachment":[{"href":"https:\/\/laultimapalabra.com.mx\/portal\/wp-json\/wp\/v2\/media?parent=4068"}],"wp:term":[{"taxonomy":"category","embeddable":true,"href":"https:\/\/laultimapalabra.com.mx\/portal\/wp-json\/wp\/v2\/categories?post=4068"},{"taxonomy":"post_tag","embeddable":true,"href":"https:\/\/laultimapalabra.com.mx\/portal\/wp-json\/wp\/v2\/tags?post=4068"}],"curies":[{"name":"wp","href":"https:\/\/api.w.org\/{rel}","templated":true}]}}