                       {"id":40694,"date":"2023-05-02T14:03:18","date_gmt":"2023-05-02T20:03:18","guid":{"rendered":"https:\/\/laultimapalabra.com.mx\/portal\/?p=40694"},"modified":"2024-12-11T10:41:57","modified_gmt":"2024-12-11T16:41:57","slug":"aseguro-semar-980-cajas-de-tequila-con-metanfetaminas-en-colima","status":"publish","type":"post","link":"https:\/\/laultimapalabra.com.mx\/portal\/aseguro-semar-980-cajas-de-tequila-con-metanfetaminas-en-colima\/","title":{"rendered":"Asegur\u00f3 Semar 980 cajas de tequila con metanfetaminas en Colima"},"content":{"rendered":"<p>Ciudad de M\u00e9xico.- Elementos de la Secretar\u00eda de Marina (Semar) descubrieron y aseguraron un cargamento de 980 cajas con botellas de tequila en las que en realidad estaban diluidas 8.5 toneladas de metanfetaminas, inform\u00f3 el titular de la dependencia, almirante Rafael Ojeda Dur\u00e1n.<\/p>\n<p>Al presentar parte del informe de seguridad quincenal en la conferencia del presidente Andr\u00e9s Manuel L\u00f3pez Obrador, el almirante detall\u00f3 que ese cargamento ilegal disfrazado de la tradicional bebida nacional ten\u00eda como destino Australia.<\/p>\n<p>\u201cVen\u00eda enmascarado en el tequila. A la hora de meterse al laboratorio se evapora, se desaparece lo que es el alcohol y se desaparece lo que es la metanfemina\u201d, explic\u00f3 el secretario e Marina.<\/p>\n<p>El cargamento, se hall\u00f3 el pasado 18 de abril en aduanas de Manzanillo, Colima, previo a ser exportado a Australia.<\/p>\n<p>En total, la carga contaba con 980 cajas de Tequila marca Don Chicho Reposado, con un peso total de 14.9 toneladas.<\/p>\n<p>El Secretario de Marina explic\u00f3 que al tomar muestras y analizarse en los Laboratorios de Farmacolog\u00eda y Toxicolog\u00eda de la Agencia Nacional de Aduanas de M\u00e9xico (ANAM) y la Semar result\u00f3 con dictamen positivo a metanfetamina, con un total de 8.54 toneladas de esa droga.<\/p>\n<p>FUENTE: LA JORNADA<\/p>\n","protected":false},"excerpt":{"rendered":"<p>Ciudad de M\u00e9xico.- Elementos de la Secretar\u00eda de Marina (Semar) descubrieron y aseguraron un cargamento de 980 cajas con botellas de tequila en las que en realidad estaban diluidas 8.5 toneladas de metanfetaminas, inform\u00f3 el titular de la dependencia, almirante Rafael Ojeda Dur\u00e1n. Al presentar parte del informe de seguridad quincenal en la conferencia del [&hellip;]<\/p>\n","protected":false},"author":9,"featured_media":40695,"comment_status":"closed","ping_status":"closed","sticky":false,"template":"","format":"standard","meta":{"footnotes":""},"categories":[19],"tags":[7087,7086,7088,6757,5859],"class_list":["post-40694","post","type-post","status-publish","format-standard","has-post-thumbnail","hentry","category-nacional","tag-anfetaminas","tag-incautaron980cajasdetequila","tag-manzanillocolima","tag-semar","tag-ultimas-noticias"],"_links":{"self":[{"href":"https:\/\/laultimapalabra.com.mx\/portal\/wp-json\/wp\/v2\/posts\/40694","targetHints":{"allow":["GET"]}}],"collection":[{"href":"https:\/\/laultimapalabra.com.mx\/portal\/wp-json\/wp\/v2\/posts"}],"about":[{"href":"https:\/\/laultimapalabra.com.mx\/portal\/wp-json\/wp\/v2\/types\/post"}],"author":[{"embeddable":true,"href":"https:\/\/laultimapalabra.com.mx\/portal\/wp-json\/wp\/v2\/users\/9"}],"replies":[{"embeddable":true,"href":"https:\/\/laultimapalabra.com.mx\/portal\/wp-json\/wp\/v2\/comments?post=40694"}],"version-history":[{"count":2,"href":"https:\/\/laultimapalabra.com.mx\/portal\/wp-json\/wp\/v2\/posts\/40694\/revisions"}],"predecessor-version":[{"id":82362,"href":"https:\/\/laultimapalabra.com.mx\/portal\/wp-json\/wp\/v2\/posts\/40694\/revisions\/82362"}],"wp:featuredmedia":[{"embeddable":true,"href":"https:\/\/laultimapalabra.com.mx\/portal\/wp-json\/wp\/v2\/media\/40695"}],"wp:attachment":[{"href":"https:\/\/laultimapalabra.com.mx\/portal\/wp-json\/wp\/v2\/media?parent=40694"}],"wp:term":[{"taxonomy":"category","embeddable":true,"href":"https:\/\/laultimapalabra.com.mx\/portal\/wp-json\/wp\/v2\/categories?post=40694"},{"taxonomy":"post_tag","embeddable":true,"href":"https:\/\/laultimapalabra.com.mx\/portal\/wp-json\/wp\/v2\/tags?post=40694"}],"curies":[{"name":"wp","href":"https:\/\/api.w.org\/{rel}","templated":true}]}}