                       {"id":407,"date":"2018-02-22T22:17:10","date_gmt":"2018-02-22T22:17:10","guid":{"rendered":"http:\/\/laultimapalabra.info\/?p=407"},"modified":"2024-12-11T08:36:57","modified_gmt":"2024-12-11T14:36:57","slug":"al-general-anacleto-guerrero-guajardo","status":"publish","type":"post","link":"https:\/\/laultimapalabra.com.mx\/portal\/al-general-anacleto-guerrero-guajardo\/","title":{"rendered":"Al General Anacleto Guerrero Guajardo"},"content":{"rendered":"<p style=\"text-align: justify;\"><img loading=\"lazy\" decoding=\"async\" class=\"size-medium wp-image-408 alignleft\" src=\"https:\/\/laultimapalabra.com.mx\/portal\/wp-content\/uploads\/2018\/02\/ANACLETO20GUERRERO20GUAJARDO-300x225.jpg\" alt=\"\" width=\"300\" height=\"225\" \/>Por: Dr. Jos\u00e9 Ascensi\u00f3n Tijerina Flores<\/p>\n<p style=\"text-align: justify;\">Cadereyta Jim\u00e9nez, N. L.- En fecha cercana al aniversario de su fallecimiento, recordamos al \u00faltimo Gobernador de Nuevo Le\u00f3n de origen Jimenence.<br \/>\nLa hacienda Las Enramadas, antigua jurisdicci\u00f3n de Cadereyta vio nacer un 5 de Septiembre de 1892 a un ni\u00f1o hijo de Don Reyes Guerrero y Do\u00f1a Juana Guajardo que con el correr del tiempo llegar\u00eda a brillar con luz propia como militar destacado y como gobernante distinguido del Estado de Nuevo Le\u00f3n.<br \/>\nIngres\u00f3 al Ej\u00e9rcito despu\u00e9s de terminar su instrucci\u00f3n primaria en General Ter\u00e1n, Nuevo Le\u00f3n para dedicarse luego a las labores agr\u00edcolas en la Hacienda El Porvenir, en ese tiempo jurisdicci\u00f3n del mismo municipio; el 28 de Diciembre de 1910 caus\u00f3 alta como Soldado Raso en las Fuerzas Revolucionarias del Mayor Celedonio Villareal en la ya citada Hacienda.<br \/>\nSeis meses dur\u00f3 como Soldado Raso, un mes como Cabo, tres meses de Sargento Segundo e inmediatamente despu\u00e9s Sargento Primero.<br \/>\nEn 1913 particip\u00f3 en los sucesos de \u201cla Ciudadela\u201d en la Ciudad de M\u00e9xico donde se \u201cencendi\u00f3\u201d la Revoluci\u00f3n que encabezaba Venustiano Carranza, ah\u00ed el General Guerrero tendr\u00eda que desertar del cuerpo de irregulares al que pertenec\u00eda por haber quedado \u00e9ste al servicio del usurpador Victoriano Huerta, haciendo su ingreso un poco despu\u00e9s a las fuerzas del General Lucio Blanco en donde un 10 de Junio de 1913 fue ascendido a Capit\u00e1n 2\u00b0 de Caballer\u00eda. El 8 de Marzo de 1914 lleg\u00f3 a Capit\u00e1n 1\u00b0, el 25 de Julio siguiente a Mayor; el 27 de Noviembre de ese a\u00f1o, a Teniente Coronel y el 10 de Junio de 1915 a Coronel.<br \/>\nFue ascendido a General Brigadier el 11 de Marzo de 1924, luego a General de Brigada el 1\u00b0 de Noviembre del mismo a\u00f1o y a General de Divisi\u00f3n el 1\u00b0 de Agosto de 1942.<br \/>\nTom\u00f3 parte en 105 hechos de armas de Enero de 1927 a Julio de 1929.<br \/>\nTuvo a su cargo la Jefatura de las Zonas Militares de Guadalajara, Jalisco y de Tampico, Tamaulipas.<br \/>\nEntre las menciones honor\u00edficas que aparecen en su hoja de servicios existe una que dice: Inmediatamente despu\u00e9s del ataque y toma de la Plaza de Monterrey que tuvo lugar los d\u00edas 20 al 23 de Abril de 1914, se le encomend\u00f3 al Capit\u00e1n Guerrero que al frente de 200 hombres procediera a la persecuci\u00f3n del enemigo al que dio alcance en el Cerro de Santa Catarina donde le captur\u00f3 ocho ca\u00f1ones y tres autom\u00f3viles e hizo prisioneros a ocho individuos de tropa y varios oficiales.<br \/>\nEl Gobernante<br \/>\nDistinguido como Revolucionario, como Gobernador lo fue m\u00e1s. Muchos elementos que militaron a sus \u00f3rdenes se sent\u00edan orgullosos de haber luchado al lado de un jefe austero y valiente que los condujo con dignidad para que no se marcharan con queja alguna; \u00e9ste hecho es uno de tantos en que se destaca su car\u00e1cter en\u00e9rgico y los altos conceptos que ten\u00eda sobre el deber, la lealtad y la amistad.<br \/>\nDe el 1\u00b0 de Mayo de 1936 al 4 de Octubre de 1939 ocup\u00f3 la Gubernatura del Estado de Nuevo Le\u00f3n dejando gratos recuerdos de su gesti\u00f3n y auxiliado siempre por otro ilustre jimenense que le ordenaba su agenda de trabajo y le escrib\u00eda sus discursos: Don Apolinar N\u00fa\u00f1ez De Le\u00f3n.<br \/>\nLa terminaci\u00f3n del Hospital Civil fue uno de sus objetivos primarios, convoc\u00f3 a las Fuerzas Vivas de Monterrey para organizar una feria en los terrenos del mismo Hospital recaudando lo suficiente para la continuaci\u00f3n de las obras. 604 ventanas, el enjarre exterior y el mobiliario y equipo m\u00e9dico se logr\u00f3 adquirir con aquel ingreso.<br \/>\nEstaba en condiciones el primer piso y en el mes de Febrero de 1939 se hizo el traslado de los enfermos al nuevo Hospital dejando el antiguo edificio de la calle 15 de Mayo donde era su director el Dr. Benjam\u00edn Almeida.<br \/>\nEl 13 de Octubre de 1937 fue creada la junta de beneficencia de Nuevo Le\u00f3n por cuyo conducto se enviaban los fondos para la continuaci\u00f3n de los trabajos del Hospital.<br \/>\nRetirado del activo del Ej\u00e9rcito se dedic\u00f3 a su \u201cotra pasi\u00f3n\u201d la agricultura y la ganader\u00eda, adem\u00e1s fue primer Presidente de la Uni\u00f3n Regional Ganadera de Nuevo Le\u00f3n a la que apoy\u00f3 sin medida hasta ubicarla en el lugar preponderante que hasta la fecha ocupa.<br \/>\nSu Muerte<br \/>\nEl General Anacleto Guerrero Guajardo falleci\u00f3 finalmente el 10 de Febrero de 1980 en la tranquilidad de su hogar causando una gran consternaci\u00f3n generalizada pues, con su rectitud y entrega al bien com\u00fan le ganaron el respeto y la estimaci\u00f3n de quienes le conocimos.<br \/>\nSus restos mortales descansan para siempre en el pante\u00f3n: Parque Funeral Guadalupe de Monterrey, Nuevo Le\u00f3n.<\/p>\n","protected":false},"excerpt":{"rendered":"<p>Por: Dr. Jos\u00e9 Ascensi\u00f3n Tijerina Flores Cadereyta Jim\u00e9nez, N. L.- En fecha cercana al aniversario de su fallecimiento, recordamos al \u00faltimo Gobernador de Nuevo Le\u00f3n de origen Jimenence. La hacienda Las Enramadas, antigua jurisdicci\u00f3n de Cadereyta vio nacer un 5 de Septiembre de 1892 a un ni\u00f1o hijo de Don Reyes Guerrero y Do\u00f1a Juana [&hellip;]<\/p>\n","protected":false},"author":9,"featured_media":408,"comment_status":"open","ping_status":"closed","sticky":false,"template":"","format":"standard","meta":{"footnotes":""},"categories":[1],"tags":[131,879],"class_list":["post-407","post","type-post","status-publish","format-standard","has-post-thumbnail","hentry","category-noticias","tag-anacleto-guerrero-guajardo","tag-dr-jose-ascencion-tijerina-flores"],"_links":{"self":[{"href":"https:\/\/laultimapalabra.com.mx\/portal\/wp-json\/wp\/v2\/posts\/407","targetHints":{"allow":["GET"]}}],"collection":[{"href":"https:\/\/laultimapalabra.com.mx\/portal\/wp-json\/wp\/v2\/posts"}],"about":[{"href":"https:\/\/laultimapalabra.com.mx\/portal\/wp-json\/wp\/v2\/types\/post"}],"author":[{"embeddable":true,"href":"https:\/\/laultimapalabra.com.mx\/portal\/wp-json\/wp\/v2\/users\/9"}],"replies":[{"embeddable":true,"href":"https:\/\/laultimapalabra.com.mx\/portal\/wp-json\/wp\/v2\/comments?post=407"}],"version-history":[{"count":1,"href":"https:\/\/laultimapalabra.com.mx\/portal\/wp-json\/wp\/v2\/posts\/407\/revisions"}],"predecessor-version":[{"id":63283,"href":"https:\/\/laultimapalabra.com.mx\/portal\/wp-json\/wp\/v2\/posts\/407\/revisions\/63283"}],"wp:featuredmedia":[{"embeddable":true,"href":"https:\/\/laultimapalabra.com.mx\/portal\/wp-json\/"}],"wp:attachment":[{"href":"https:\/\/laultimapalabra.com.mx\/portal\/wp-json\/wp\/v2\/media?parent=407"}],"wp:term":[{"taxonomy":"category","embeddable":true,"href":"https:\/\/laultimapalabra.com.mx\/portal\/wp-json\/wp\/v2\/categories?post=407"},{"taxonomy":"post_tag","embeddable":true,"href":"https:\/\/laultimapalabra.com.mx\/portal\/wp-json\/wp\/v2\/tags?post=407"}],"curies":[{"name":"wp","href":"https:\/\/api.w.org\/{rel}","templated":true}]}}