                       {"id":4071,"date":"2018-10-10T17:10:53","date_gmt":"2018-10-10T17:10:53","guid":{"rendered":"http:\/\/laultimapalabra.info\/?p=4071"},"modified":"2024-12-11T08:53:17","modified_gmt":"2024-12-11T14:53:17","slug":"recorren-zonas-afectadas-por-naim","status":"publish","type":"post","link":"https:\/\/laultimapalabra.com.mx\/portal\/recorren-zonas-afectadas-por-naim\/","title":{"rendered":"Recorren zonas afectadas por NAIM"},"content":{"rendered":"<p style=\"text-align: justify;\"><img loading=\"lazy\" decoding=\"async\" class=\"size-medium wp-image-4072 alignright\" src=\"https:\/\/laultimapalabra.com.mx\/portal\/wp-content\/uploads\/2018\/10\/4220346-300x200.jpg\" alt=\"\" width=\"300\" height=\"200\" \/>Cd. de M\u00e9xico (10 octubre 2018).- El pr\u00f3ximo Secretario de Comunicaciones, Javier Jim\u00e9nez Espri\u00fa, acompa\u00f1ado de pobladores de la zona de Texcoco, realiza esta ma\u00f1ana un recorrido por las regiones que han sido afectadas por la construcci\u00f3n del Nuevo Aeropuerto Internacional de la Ciudad de M\u00e9xico (NAIM).<br \/>\n&#8220;Estamos dispuestos a todo lo que sea necesario para tener la informaci\u00f3n adecuada&#8221; dijo Espri\u00fa.<br \/>\nEl recorrido, cuyo punto de reuni\u00f3n fue la Universidad Chapingo, durar\u00e1 alrededor de siete horas y tocar\u00e1 al menos cinco puntos, entre ellos Texcoco (minas de Tlaminca), Tepetlaoztoc, Teotihuac\u00e1n, Tezoyuca y San Salvador Atenco.<br \/>\n&#8220;Visita al ecocidio&#8221;, se titula el recorrido en el que tambi\u00e9n participa el pr\u00f3ximo titular de Sedatu, Rom\u00e1n Meyer. Fue convocado por organizaciones bajo el lema: &#8220;Pe\u00f1a quiere el aeropuerto, yo prefiero el lago \u00bfy t\u00fa?&#8221;.<br \/>\nPrevio al arranque del recorrido, el diputado federal Gerardo Fern\u00e1ndez Noro\u00f1a consider\u00f3 en entrevista que la construcci\u00f3n del NAIM representa un ecocidio y una &#8220;locura&#8221;.<br \/>\n&#8220;Si se financia el ecocidio, la destrucci\u00f3n, es inaceptable. No habr\u00e1 presupuesto para el aeropuerto, eso s\u00ed no lo habr\u00e1 el a\u00f1o entrante. La C\u00e1mara no va decidir un solo centavo para el aeropuerto en el Lago de Texcoco&#8221;, conf\u00edo.<br \/>\n&#8220;Nosotros debemos hacer que el presupuesto vaya para el pueblo, no para estos proyectos totalmente contrarios al inter\u00e9s de la poblaci\u00f3n. Debe detenerse (la construcci\u00f3n)&#8221;, indic\u00f3 en Chapingo.<br \/>\nNoro\u00f1a dijo que buscan convencer a la gente para que en la consulta ciudadana que se har\u00e1 a finales de este mes vote por la cancelaci\u00f3n de la construcci\u00f3n del aeropuerto.<br \/>\n&#8220;No estoy diciendo que no (a la consulta), se va hacer, ha habido tal nivel de presi\u00f3n que \u00e9l (L\u00f3pez Obrador) ha dicho &#8216;que el pueblo decida&#8217; y me parece que la manera es muy importante&#8221;.<br \/>\nIgnacio del Valle, del Frente del Pueblo en Defensa de la Tierra, afirm\u00f3 que el NAIM est\u00e1 afectando severamente a distintas comunidades y a millones de personas, por lo que exigi\u00f3 la suspensi\u00f3n de la obra.<br \/>\n&#8220;Es un atentado, un crimen, un ecocidio, pedimos que vengan a ver la afectaci\u00f3n directa a nuestra tierra, a ese lugar que es la parte m\u00e1s baja. No es Atenco nada m\u00e1s el que est\u00e1 en contra, hay muchas comunidades.<br \/>\n&#8220;La consulta es algo que se debi\u00f3 haber hecho a tiempo, claro que no negamos que la haya, pero que el pueblo realmente est\u00e9 informado, que los pueblos que somos afectados seamos escuchados ampliamente&#8221;, agreg\u00f3.<br \/>\nLa caravana del recorrido, que los pobladores buscar\u00e1n sea el primero de tres, inici\u00f3 con el grito de los inconformes: &#8220;La tierra no se vende, se ama, se defiende&#8221;.<\/p>\n<p style=\"text-align: justify;\">fuente: EL NORTE<\/p>\n","protected":false},"excerpt":{"rendered":"<p>Cd. de M\u00e9xico (10 octubre 2018).- El pr\u00f3ximo Secretario de Comunicaciones, Javier Jim\u00e9nez Espri\u00fa, acompa\u00f1ado de pobladores de la zona de Texcoco, realiza esta ma\u00f1ana un recorrido por las regiones que han sido afectadas por la construcci\u00f3n del Nuevo Aeropuerto Internacional de la Ciudad de M\u00e9xico (NAIM). &#8220;Estamos dispuestos a todo lo que sea necesario [&hellip;]<\/p>\n","protected":false},"author":9,"featured_media":4073,"comment_status":"open","ping_status":"closed","sticky":false,"template":"","format":"standard","meta":{"footnotes":""},"categories":[19],"tags":[1324,1605],"class_list":["post-4071","post","type-post","status-publish","format-standard","has-post-thumbnail","hentry","category-nacional","tag-javier-jimenez-espriu","tag-naim"],"_links":{"self":[{"href":"https:\/\/laultimapalabra.com.mx\/portal\/wp-json\/wp\/v2\/posts\/4071","targetHints":{"allow":["GET"]}}],"collection":[{"href":"https:\/\/laultimapalabra.com.mx\/portal\/wp-json\/wp\/v2\/posts"}],"about":[{"href":"https:\/\/laultimapalabra.com.mx\/portal\/wp-json\/wp\/v2\/types\/post"}],"author":[{"embeddable":true,"href":"https:\/\/laultimapalabra.com.mx\/portal\/wp-json\/wp\/v2\/users\/9"}],"replies":[{"embeddable":true,"href":"https:\/\/laultimapalabra.com.mx\/portal\/wp-json\/wp\/v2\/comments?post=4071"}],"version-history":[{"count":1,"href":"https:\/\/laultimapalabra.com.mx\/portal\/wp-json\/wp\/v2\/posts\/4071\/revisions"}],"predecessor-version":[{"id":65198,"href":"https:\/\/laultimapalabra.com.mx\/portal\/wp-json\/wp\/v2\/posts\/4071\/revisions\/65198"}],"wp:featuredmedia":[{"embeddable":true,"href":"https:\/\/laultimapalabra.com.mx\/portal\/wp-json\/"}],"wp:attachment":[{"href":"https:\/\/laultimapalabra.com.mx\/portal\/wp-json\/wp\/v2\/media?parent=4071"}],"wp:term":[{"taxonomy":"category","embeddable":true,"href":"https:\/\/laultimapalabra.com.mx\/portal\/wp-json\/wp\/v2\/categories?post=4071"},{"taxonomy":"post_tag","embeddable":true,"href":"https:\/\/laultimapalabra.com.mx\/portal\/wp-json\/wp\/v2\/tags?post=4071"}],"curies":[{"name":"wp","href":"https:\/\/api.w.org\/{rel}","templated":true}]}}