                       {"id":40749,"date":"2023-05-03T15:27:07","date_gmt":"2023-05-03T21:27:07","guid":{"rendered":"https:\/\/laultimapalabra.com.mx\/portal\/?p=40749"},"modified":"2024-12-11T10:41:47","modified_gmt":"2024-12-11T16:41:47","slug":"identifican-a-joven-acribillado-de-ampliacion-rancho-viejo","status":"publish","type":"post","link":"https:\/\/laultimapalabra.com.mx\/portal\/identifican-a-joven-acribillado-de-ampliacion-rancho-viejo\/","title":{"rendered":"Identifican a joven acribillado de Ampliaci\u00f3n Rancho Viejo"},"content":{"rendered":"<p>Ju\u00e1rez, N.L.- El joven asesinado la noche del domingo en la colonia Ampliaci\u00f3n Rancho Viejo fue identificado el d\u00eda de ayer por sus familiares mediante sus se\u00f1as particulares y su vestimenta.<\/p>\n<p>&nbsp;<\/p>\n<p><img loading=\"lazy\" decoding=\"async\" class=\"alignnone size-medium wp-image-40751\" src=\"https:\/\/laultimapalabra.com.mx\/portal\/wp-content\/uploads\/2023\/05\/IMG-20230503-WA0026-162x300.jpg\" alt=\"\" width=\"162\" height=\"300\" srcset=\"https:\/\/laultimapalabra.com.mx\/portal\/wp-content\/uploads\/2023\/05\/IMG-20230503-WA0026-162x300.jpg 162w, https:\/\/laultimapalabra.com.mx\/portal\/wp-content\/uploads\/2023\/05\/IMG-20230503-WA0026.jpg 519w\" sizes=\"auto, (max-width: 162px) 100vw, 162px\" \/><\/p>\n<p>&nbsp;<\/p>\n<p>&nbsp;<\/p>\n<p>&nbsp;<\/p>\n<p>Como Emilio Jaciel Covarrubias Orzua alias &#8220;El Santa&#8221;, quien ten\u00eda 18 a\u00f1os de edad y que ten\u00eda su domicilio en la colonia los Valles 1er sector fue identificado el ahora occiso.<\/p>\n<p>Fue una investigaci\u00f3n hecha mediante el peri\u00f3dico la \u00daltima Palabra, la que di\u00f3 con los familiares de la v\u00edctima que fue asesinado a varias colonias de su domicilio cuando iba a bordo de una bicicleta.<\/p>\n","protected":false},"excerpt":{"rendered":"<p>Ju\u00e1rez, N.L.- El joven asesinado la noche del domingo en la colonia Ampliaci\u00f3n Rancho Viejo fue identificado el d\u00eda de ayer por sus familiares mediante sus se\u00f1as particulares y su vestimenta. &nbsp; &nbsp; &nbsp; &nbsp; Como Emilio Jaciel Covarrubias Orzua alias &#8220;El Santa&#8221;, quien ten\u00eda 18 a\u00f1os de edad y que ten\u00eda su domicilio en [&hellip;]<\/p>\n","protected":false},"author":9,"featured_media":40750,"comment_status":"closed","ping_status":"closed","sticky":false,"template":"","format":"standard","meta":{"footnotes":""},"categories":[18],"tags":[5792,7104,3590,5859],"class_list":["post-40749","post","type-post","status-publish","format-standard","has-post-thumbnail","hentry","category-locales-juarez","tag-acribillado","tag-identifican-a-joven","tag-juarez-nl","tag-ultimas-noticias"],"_links":{"self":[{"href":"https:\/\/laultimapalabra.com.mx\/portal\/wp-json\/wp\/v2\/posts\/40749","targetHints":{"allow":["GET"]}}],"collection":[{"href":"https:\/\/laultimapalabra.com.mx\/portal\/wp-json\/wp\/v2\/posts"}],"about":[{"href":"https:\/\/laultimapalabra.com.mx\/portal\/wp-json\/wp\/v2\/types\/post"}],"author":[{"embeddable":true,"href":"https:\/\/laultimapalabra.com.mx\/portal\/wp-json\/wp\/v2\/users\/9"}],"replies":[{"embeddable":true,"href":"https:\/\/laultimapalabra.com.mx\/portal\/wp-json\/wp\/v2\/comments?post=40749"}],"version-history":[{"count":2,"href":"https:\/\/laultimapalabra.com.mx\/portal\/wp-json\/wp\/v2\/posts\/40749\/revisions"}],"predecessor-version":[{"id":81828,"href":"https:\/\/laultimapalabra.com.mx\/portal\/wp-json\/wp\/v2\/posts\/40749\/revisions\/81828"}],"wp:featuredmedia":[{"embeddable":true,"href":"https:\/\/laultimapalabra.com.mx\/portal\/wp-json\/wp\/v2\/media\/40750"}],"wp:attachment":[{"href":"https:\/\/laultimapalabra.com.mx\/portal\/wp-json\/wp\/v2\/media?parent=40749"}],"wp:term":[{"taxonomy":"category","embeddable":true,"href":"https:\/\/laultimapalabra.com.mx\/portal\/wp-json\/wp\/v2\/categories?post=40749"},{"taxonomy":"post_tag","embeddable":true,"href":"https:\/\/laultimapalabra.com.mx\/portal\/wp-json\/wp\/v2\/tags?post=40749"}],"curies":[{"name":"wp","href":"https:\/\/api.w.org\/{rel}","templated":true}]}}