                       {"id":40754,"date":"2023-05-03T15:49:41","date_gmt":"2023-05-03T21:49:41","guid":{"rendered":"https:\/\/laultimapalabra.com.mx\/portal\/?p=40754"},"modified":"2024-12-11T10:41:47","modified_gmt":"2024-12-11T16:41:47","slug":"felipe-calderon-el-destructor-del-pan-acusa-manuel-clouthier","status":"publish","type":"post","link":"https:\/\/laultimapalabra.com.mx\/portal\/felipe-calderon-el-destructor-del-pan-acusa-manuel-clouthier\/","title":{"rendered":"Felipe Calder\u00f3n, el &#8220;destructor&#8221; del PAN, acusa Manuel Clouthier"},"content":{"rendered":"<p>Ciudad de M\u00e9xico.- Las diferencias entre panistas y ex panistas se incrementaron tras el cierre del periodo de sesiones en el Congreso.<\/p>\n<p>Ante el aparente intento de integrantes de la dirigencia de desligarse de las votaciones que terminaron con el aval de casi una veintena de reformas legislativas, el ex presidente Felipe Calder\u00f3n revivi\u00f3 su reclamo al grupo del Presidente Nacional del partido, Marko Cort\u00e9s, a quien acus\u00f3 de \u201cimponer\u201d a Ricardo Anaya como candidato presidencial en 2018.<\/p>\n<p>Tras ello, decenas de simpatizantes del partido repitieron dichas posturas y reavivaron la inconformidad de un sector por definir a Anaya como abanderado.<\/p>\n<p>Las diferencias surgieron cuando, justo al concluir el periodo de sesiones, Fernando Rodr\u00edguez Doval, secretario de estudios y an\u00e1lisis estrat\u00e9gicos del Comit\u00e9 Ejecutivo Nacional, expres\u00f3: \u201ca m\u00ed no me echen la culpa; yo vot\u00e9 por Ricardo Anaya\u201d.<\/p>\n<p>Al mismo tiempo, Marko Cort\u00e9s se reuni\u00f3 en Estados Unidos con simpatizantes del PAN, en actos en los que estuvo acompa\u00f1ado en todo momento por Anaya, quien ha estado presente junto a la dirigencia del blanquiazul en otros encuentros similares en ese pa\u00eds.<\/p>\n<p>En respuesta al tuit de Rodr\u00edguez Doval, Calder\u00f3n y su esposa, la diputada Margarita Zavala, criticaron su postura: \u201c\u00a1Claro que tienen culpa! Por la manera en que dividieron, excluyeron, atropellaron y cancelaron la democracia interna y la participaci\u00f3n ciudadana en @AccionNacional para imponerlo. Hoy siguen siendo parte del problema y no de la soluci\u00f3n, pues contin\u00faan teniendo al PAN cerrado a los ciudadanos, una de las razones por las cuales estamos como estamos\u201d.<\/p>\n<p>Por su parte, Zavala le reproch\u00f3: \u201cNo votaste, obedeciste. M\u00e1s all\u00e1 de eso, para el 24 debemos mirar hacia adelante y valorar tambi\u00e9n a quien cambi\u00f3 de opini\u00f3n. Todos nos necesitamos\u201d. Rodr\u00edguez Doval apunt\u00f3 que hablar de los conflictos en el PAN en a\u00f1os anteriores y de los posibles culpables \u201cno nos llevar\u00e1 a nada bueno\u201d.<\/p>\n<p>A la discusi\u00f3n se sum\u00f3 el ex panista Manuel Clouthier Carrillo: \u201cEl que destruy\u00f3 al PAN fuiste t\u00fa, cuando fuiste presidente de la Rep\u00fablica! Te dedicaste de manera facciosa a destruir la democracia interna para privilegiar a tus amigos\u201d, le dijo al ex mandatario.<\/p>\n<p>FUENTE: LA JORNADA<\/p>\n","protected":false},"excerpt":{"rendered":"<p>Ciudad de M\u00e9xico.- Las diferencias entre panistas y ex panistas se incrementaron tras el cierre del periodo de sesiones en el Congreso. Ante el aparente intento de integrantes de la dirigencia de desligarse de las votaciones que terminaron con el aval de casi una veintena de reformas legislativas, el ex presidente Felipe Calder\u00f3n revivi\u00f3 su [&hellip;]<\/p>\n","protected":false},"author":9,"featured_media":40755,"comment_status":"closed","ping_status":"closed","sticky":false,"template":"","format":"standard","meta":{"footnotes":""},"categories":[19],"tags":[7105,6320,7106,1691,5859],"class_list":["post-40754","post","type-post","status-publish","format-standard","has-post-thumbnail","hentry","category-nacional","tag-destructor","tag-felipecalderon","tag-manuelclouthier","tag-pan","tag-ultimas-noticias"],"_links":{"self":[{"href":"https:\/\/laultimapalabra.com.mx\/portal\/wp-json\/wp\/v2\/posts\/40754","targetHints":{"allow":["GET"]}}],"collection":[{"href":"https:\/\/laultimapalabra.com.mx\/portal\/wp-json\/wp\/v2\/posts"}],"about":[{"href":"https:\/\/laultimapalabra.com.mx\/portal\/wp-json\/wp\/v2\/types\/post"}],"author":[{"embeddable":true,"href":"https:\/\/laultimapalabra.com.mx\/portal\/wp-json\/wp\/v2\/users\/9"}],"replies":[{"embeddable":true,"href":"https:\/\/laultimapalabra.com.mx\/portal\/wp-json\/wp\/v2\/comments?post=40754"}],"version-history":[{"count":2,"href":"https:\/\/laultimapalabra.com.mx\/portal\/wp-json\/wp\/v2\/posts\/40754\/revisions"}],"predecessor-version":[{"id":81826,"href":"https:\/\/laultimapalabra.com.mx\/portal\/wp-json\/wp\/v2\/posts\/40754\/revisions\/81826"}],"wp:featuredmedia":[{"embeddable":true,"href":"https:\/\/laultimapalabra.com.mx\/portal\/wp-json\/wp\/v2\/media\/40755"}],"wp:attachment":[{"href":"https:\/\/laultimapalabra.com.mx\/portal\/wp-json\/wp\/v2\/media?parent=40754"}],"wp:term":[{"taxonomy":"category","embeddable":true,"href":"https:\/\/laultimapalabra.com.mx\/portal\/wp-json\/wp\/v2\/categories?post=40754"},{"taxonomy":"post_tag","embeddable":true,"href":"https:\/\/laultimapalabra.com.mx\/portal\/wp-json\/wp\/v2\/tags?post=40754"}],"curies":[{"name":"wp","href":"https:\/\/api.w.org\/{rel}","templated":true}]}}