                       {"id":40757,"date":"2023-05-03T15:55:18","date_gmt":"2023-05-03T21:55:18","guid":{"rendered":"https:\/\/laultimapalabra.com.mx\/portal\/?p=40757"},"modified":"2024-12-11T10:41:58","modified_gmt":"2024-12-11T16:41:58","slug":"nueve-muertos-por-tiroteo-en-escuela-de-belgrado-serbia","status":"publish","type":"post","link":"https:\/\/laultimapalabra.com.mx\/portal\/nueve-muertos-por-tiroteo-en-escuela-de-belgrado-serbia\/","title":{"rendered":"Nueve muertos por tiroteo en escuela de Belgrado, Serbia"},"content":{"rendered":"<p>Belgrado.- Ocho estudiantes y el guardi\u00e1n de una escuela primaria de Belgrado murieron a tiros y otros seis estudiantes y su profesora resultaron heridos por un alumno de esa escuela que fue detenido, dijeron las autoridades de Serbia el mi\u00e9rcoles.<\/p>\n<p>El incidente caus\u00f3 conmoci\u00f3n en este pa\u00eds, donde en d\u00e9cadas no se hab\u00eda presentado un tiroteo de esta magnitud en una escuela.<\/p>\n<p>&#8220;Ocho ni\u00f1os y un guardia de seguridad murieron, mientras que seis ni\u00f1os y una profesora resultaron heridos y fueron hospitalizados&#8221;, indic\u00f3 el ministerio del Interior en un comunicado.<\/p>\n<p>Poco despu\u00e9s del tiroteo, que tuvo lugar alrededor de las 8 y 40 hora local, la polic\u00eda acordon\u00f3 el per\u00edmetro de la escuela, donde acudieron numerosas ambulancias para recoger a los heridos, ante los ojos de padres preocupados que esperaban afuera de la escuela a sus hijos visiblemente angustiados, seg\u00fan un periodista de AFP.<\/p>\n<p>Posteriormente, las autoridades identificaron al sospechoso como Kosta Kecmanovic, un estudiante de 13 a\u00f1os, que fue encontrado en el patio de la escuela y detenido, diciendo que estaba armado con dos pistolas, una en su mochila y otra que usaba.<\/p>\n<p>El ministerio inform\u00f3 que el joven detenido era &#8220;sospechoso de haber disparado varias veces contra alumnos y un guardia de la escuela con una pistola perteneciente a su padre&#8221;.<\/p>\n<p>&#8220;Todas las fuerzas policiales est\u00e1n sobre el terreno y trabajan para esclarecer los hechos y circunstancias que condujeron a esta tragedia&#8221;, seg\u00fan el ministerio.<\/p>\n<p>El presidente del municipio de Vracar, Milan Nedeljkovic, declar\u00f3 que el guardia de la escuela hab\u00eda muerto.<\/p>\n<p>&#8220;Quiso impedir la tragedia y fue la primera v\u00edctima. El drama habr\u00eda sido probablemente peor si este hombre no se hubiera puesto delante del muchacho que disparaba&#8221;, a\u00f1adi\u00f3 Nedeljkovic, en declaraciones difundidas por la televisi\u00f3n nacional (RTS). A\u00f1adi\u00f3 que la profesora estaba grave.<\/p>\n<p>El sospechoso &#8220;plane\u00f3 el tiroteo durante un mes e hizo una lista de ni\u00f1os que planeaba matar&#8221;, dijo Veselin Milic, jefe de polic\u00eda de Belgrado, en una conferencia de prensa.<\/p>\n<p>&#8220;El boceto se parece a un videojuego o a una pel\u00edcula de terror, lo que indica que planific\u00f3 detalladamente, por clases, a qui\u00e9n liquidar&#8221;, a\u00f1adi\u00f3 Milic.<\/p>\n<p>El ministro del Interior, Bratislav Gasic, dijo que el padre del sospechoso, propietario de las supuestas armas utilizadas en el tiroteo, tambi\u00e9n estaba bajo arresto.<\/p>\n<p>FUENTE: LA JORNADA<\/p>\n","protected":false},"excerpt":{"rendered":"<p>Belgrado.- Ocho estudiantes y el guardi\u00e1n de una escuela primaria de Belgrado murieron a tiros y otros seis estudiantes y su profesora resultaron heridos por un alumno de esa escuela que fue detenido, dijeron las autoridades de Serbia el mi\u00e9rcoles. El incidente caus\u00f3 conmoci\u00f3n en este pa\u00eds, donde en d\u00e9cadas no se hab\u00eda presentado un [&hellip;]<\/p>\n","protected":false},"author":9,"featured_media":40758,"comment_status":"closed","ping_status":"closed","sticky":false,"template":"","format":"standard","meta":{"footnotes":""},"categories":[16],"tags":[7107,7108,2206,5859,7109],"class_list":["post-40757","post","type-post","status-publish","format-standard","has-post-thumbnail","hentry","category-internacional","tag-9muertos","tag-serbia","tag-tiroteo","tag-ultimas-noticias","tag-unguardiayochoninos"],"_links":{"self":[{"href":"https:\/\/laultimapalabra.com.mx\/portal\/wp-json\/wp\/v2\/posts\/40757","targetHints":{"allow":["GET"]}}],"collection":[{"href":"https:\/\/laultimapalabra.com.mx\/portal\/wp-json\/wp\/v2\/posts"}],"about":[{"href":"https:\/\/laultimapalabra.com.mx\/portal\/wp-json\/wp\/v2\/types\/post"}],"author":[{"embeddable":true,"href":"https:\/\/laultimapalabra.com.mx\/portal\/wp-json\/wp\/v2\/users\/9"}],"replies":[{"embeddable":true,"href":"https:\/\/laultimapalabra.com.mx\/portal\/wp-json\/wp\/v2\/comments?post=40757"}],"version-history":[{"count":2,"href":"https:\/\/laultimapalabra.com.mx\/portal\/wp-json\/wp\/v2\/posts\/40757\/revisions"}],"predecessor-version":[{"id":82382,"href":"https:\/\/laultimapalabra.com.mx\/portal\/wp-json\/wp\/v2\/posts\/40757\/revisions\/82382"}],"wp:featuredmedia":[{"embeddable":true,"href":"https:\/\/laultimapalabra.com.mx\/portal\/wp-json\/wp\/v2\/media\/40758"}],"wp:attachment":[{"href":"https:\/\/laultimapalabra.com.mx\/portal\/wp-json\/wp\/v2\/media?parent=40757"}],"wp:term":[{"taxonomy":"category","embeddable":true,"href":"https:\/\/laultimapalabra.com.mx\/portal\/wp-json\/wp\/v2\/categories?post=40757"},{"taxonomy":"post_tag","embeddable":true,"href":"https:\/\/laultimapalabra.com.mx\/portal\/wp-json\/wp\/v2\/tags?post=40757"}],"curies":[{"name":"wp","href":"https:\/\/api.w.org\/{rel}","templated":true}]}}