                       {"id":40772,"date":"2023-05-03T16:27:22","date_gmt":"2023-05-03T22:27:22","guid":{"rendered":"https:\/\/laultimapalabra.com.mx\/portal\/?p=40772"},"modified":"2024-12-11T10:41:58","modified_gmt":"2024-12-11T16:41:58","slug":"continuan-festejos-para-los-ninos-en-cadereyta-y-tambien-a-las-mamas","status":"publish","type":"post","link":"https:\/\/laultimapalabra.com.mx\/portal\/continuan-festejos-para-los-ninos-en-cadereyta-y-tambien-a-las-mamas\/","title":{"rendered":"Contin\u00faan festejos para los ni\u00f1os en Cadereyta&#8230; y tambien a las mam\u00e1s\u00a0"},"content":{"rendered":"<p>Cadereyta Jim\u00e9nez, N.L.- Con el objetivo de llegar a la mayor cantidad de ni\u00f1as y ni\u00f1os posible, el Gobierno de Cadereyta y el Sistema DIF municipal, continuaron este martes con los festejos del D\u00eda del Ni\u00f1o y tambi\u00e9n empez\u00f3 con las festividades por el D\u00eda de Las Madres.<\/p>\n<p>&nbsp;<\/p>\n<p>&nbsp;<\/p>\n<p>&nbsp;<\/p>\n<p><img loading=\"lazy\" decoding=\"async\" class=\"alignnone size-medium wp-image-40774\" src=\"https:\/\/laultimapalabra.com.mx\/portal\/wp-content\/uploads\/2023\/05\/IMG-20230503-WA0033-300x200.jpg\" alt=\"\" width=\"300\" height=\"200\" srcset=\"https:\/\/laultimapalabra.com.mx\/portal\/wp-content\/uploads\/2023\/05\/IMG-20230503-WA0033-300x200.jpg 300w, https:\/\/laultimapalabra.com.mx\/portal\/wp-content\/uploads\/2023\/05\/IMG-20230503-WA0033-1024x682.jpg 1024w, https:\/\/laultimapalabra.com.mx\/portal\/wp-content\/uploads\/2023\/05\/IMG-20230503-WA0033-768x512.jpg 768w, https:\/\/laultimapalabra.com.mx\/portal\/wp-content\/uploads\/2023\/05\/IMG-20230503-WA0033-1536x1023.jpg 1536w, https:\/\/laultimapalabra.com.mx\/portal\/wp-content\/uploads\/2023\/05\/IMG-20230503-WA0033.jpg 1600w\" sizes=\"auto, (max-width: 300px) 100vw, 300px\" \/><\/p>\n<p>Hoy el evento doble fue llevado a cabo en las instalaciones del DiF Ger\u00f3nimo Trevi\u00f1o, en la colonia del mismo nombre.<\/p>\n<p>&nbsp;<\/p>\n<p>&nbsp;<\/p>\n<p><img loading=\"lazy\" decoding=\"async\" class=\"alignnone size-medium wp-image-40775\" src=\"https:\/\/laultimapalabra.com.mx\/portal\/wp-content\/uploads\/2023\/05\/IMG-20230503-WA0028-300x200.jpg\" alt=\"\" width=\"300\" height=\"200\" srcset=\"https:\/\/laultimapalabra.com.mx\/portal\/wp-content\/uploads\/2023\/05\/IMG-20230503-WA0028-300x200.jpg 300w, https:\/\/laultimapalabra.com.mx\/portal\/wp-content\/uploads\/2023\/05\/IMG-20230503-WA0028-1024x682.jpg 1024w, https:\/\/laultimapalabra.com.mx\/portal\/wp-content\/uploads\/2023\/05\/IMG-20230503-WA0028-768x512.jpg 768w, https:\/\/laultimapalabra.com.mx\/portal\/wp-content\/uploads\/2023\/05\/IMG-20230503-WA0028-1536x1023.jpg 1536w, https:\/\/laultimapalabra.com.mx\/portal\/wp-content\/uploads\/2023\/05\/IMG-20230503-WA0028.jpg 1600w\" sizes=\"auto, (max-width: 300px) 100vw, 300px\" \/><\/p>\n<p>Cosme Juli\u00e1n Leal Cant\u00fa, Presidente Municipal y su esposa Norma Garza Tijerina, Presidenta del DIF Cadereyta; encabezaron las actividades y resalt\u00f3 la importancia de atender y cuidar al m\u00e1ximo a la ni\u00f1ez jimenense, adem\u00e1s de apoyar a las madres de familia que son el pilar de la Sociedad.<\/p>\n<p>&nbsp;<\/p>\n<p>&nbsp;<\/p>\n<p>&nbsp;<\/p>\n<p><img loading=\"lazy\" decoding=\"async\" class=\"alignnone size-medium wp-image-40776\" src=\"https:\/\/laultimapalabra.com.mx\/portal\/wp-content\/uploads\/2023\/05\/IMG-20230503-WA0029-300x200.jpg\" alt=\"\" width=\"300\" height=\"200\" srcset=\"https:\/\/laultimapalabra.com.mx\/portal\/wp-content\/uploads\/2023\/05\/IMG-20230503-WA0029-300x200.jpg 300w, https:\/\/laultimapalabra.com.mx\/portal\/wp-content\/uploads\/2023\/05\/IMG-20230503-WA0029-1024x682.jpg 1024w, https:\/\/laultimapalabra.com.mx\/portal\/wp-content\/uploads\/2023\/05\/IMG-20230503-WA0029-768x512.jpg 768w, https:\/\/laultimapalabra.com.mx\/portal\/wp-content\/uploads\/2023\/05\/IMG-20230503-WA0029-1536x1023.jpg 1536w, https:\/\/laultimapalabra.com.mx\/portal\/wp-content\/uploads\/2023\/05\/IMG-20230503-WA0029.jpg 1600w\" sizes=\"auto, (max-width: 300px) 100vw, 300px\" \/><\/p>\n<p>&#8220;Muy contentos de ver las sonrisas de los peque\u00f1os, tal vez muchos de los que est\u00e1n hoy aqu\u00ed no pudieron ir el domingo a la Plaza de Toros a nuestro gran festejo y les acercamos lo que se vivi\u00f3 ese d\u00eda y de paso, festejar a las reinas del hogar como lo son las mam\u00e1s&#8221;, expres\u00f3 el Edil jimenense.<\/p>\n<p>Durante el festejo los ni\u00f1os disfrutaron de un gran espect\u00e1culo infantil, bolsitas con dulces, refrescos y tambi\u00e9n se realiz\u00f3 una rifa tanto para los ni\u00f1os como para las madres con magn\u00edficos premios.<\/p>\n","protected":false},"excerpt":{"rendered":"<p>Cadereyta Jim\u00e9nez, N.L.- Con el objetivo de llegar a la mayor cantidad de ni\u00f1as y ni\u00f1os posible, el Gobierno de Cadereyta y el Sistema DIF municipal, continuaron este martes con los festejos del D\u00eda del Ni\u00f1o y tambi\u00e9n empez\u00f3 con las festividades por el D\u00eda de Las Madres. &nbsp; &nbsp; &nbsp; Hoy el evento doble [&hellip;]<\/p>\n","protected":false},"author":9,"featured_media":40773,"comment_status":"closed","ping_status":"closed","sticky":false,"template":"","format":"standard","meta":{"footnotes":""},"categories":[17],"tags":[3840,2545,833,7119,5859],"class_list":["post-40772","post","type-post","status-publish","format-standard","has-post-thumbnail","hentry","category-locales-cadereyta","tag-cadereyta-jimenez-nl","tag-dia-de-las-madres","tag-dia-del-nino","tag-festejos","tag-ultimas-noticias"],"_links":{"self":[{"href":"https:\/\/laultimapalabra.com.mx\/portal\/wp-json\/wp\/v2\/posts\/40772","targetHints":{"allow":["GET"]}}],"collection":[{"href":"https:\/\/laultimapalabra.com.mx\/portal\/wp-json\/wp\/v2\/posts"}],"about":[{"href":"https:\/\/laultimapalabra.com.mx\/portal\/wp-json\/wp\/v2\/types\/post"}],"author":[{"embeddable":true,"href":"https:\/\/laultimapalabra.com.mx\/portal\/wp-json\/wp\/v2\/users\/9"}],"replies":[{"embeddable":true,"href":"https:\/\/laultimapalabra.com.mx\/portal\/wp-json\/wp\/v2\/comments?post=40772"}],"version-history":[{"count":2,"href":"https:\/\/laultimapalabra.com.mx\/portal\/wp-json\/wp\/v2\/posts\/40772\/revisions"}],"predecessor-version":[{"id":82392,"href":"https:\/\/laultimapalabra.com.mx\/portal\/wp-json\/wp\/v2\/posts\/40772\/revisions\/82392"}],"wp:featuredmedia":[{"embeddable":true,"href":"https:\/\/laultimapalabra.com.mx\/portal\/wp-json\/wp\/v2\/media\/40773"}],"wp:attachment":[{"href":"https:\/\/laultimapalabra.com.mx\/portal\/wp-json\/wp\/v2\/media?parent=40772"}],"wp:term":[{"taxonomy":"category","embeddable":true,"href":"https:\/\/laultimapalabra.com.mx\/portal\/wp-json\/wp\/v2\/categories?post=40772"},{"taxonomy":"post_tag","embeddable":true,"href":"https:\/\/laultimapalabra.com.mx\/portal\/wp-json\/wp\/v2\/tags?post=40772"}],"curies":[{"name":"wp","href":"https:\/\/api.w.org\/{rel}","templated":true}]}}