                       {"id":40804,"date":"2023-05-04T14:39:20","date_gmt":"2023-05-04T20:39:20","guid":{"rendered":"https:\/\/laultimapalabra.com.mx\/portal\/?p=40804"},"modified":"2024-12-11T10:41:58","modified_gmt":"2024-12-11T16:41:58","slug":"amlo-reconoce-a-ninos-campeones-de-la-seleccion-nuevo-leon","status":"publish","type":"post","link":"https:\/\/laultimapalabra.com.mx\/portal\/amlo-reconoce-a-ninos-campeones-de-la-seleccion-nuevo-leon\/","title":{"rendered":"AMLO reconoce a ni\u00f1os campeones de la Selecci\u00f3n Nuevo Le\u00f3n"},"content":{"rendered":"<p>Ciudad de M\u00e9xico.- Luego de haber puesto en alto el nombre de M\u00e9xico y de Nuevo Le\u00f3n a nivel mundial, los ni\u00f1os campeones del World Challenge fueron reconocidos esta ma\u00f1ana por el presidente Andr\u00e9s Manuel L\u00f3pez Obrador.<\/p>\n<p>Durante la conferencia de prensa matutina, el gobernador Samuel Garc\u00eda Sep\u00falveda, junto al empresario e impulsor deportivo Carlos Bremer, presentaron a los menores que surgieron de los Centros Comunitarios y que consiguieron el campeonato a nivel nacional.<\/p>\n<p>Cabe destacar que esta escuadra qu\u00e9 venci\u00f3 a potencias mundiales en este deporte est\u00e1 conformado tambi\u00e9n por dos ni\u00f1as, situaci\u00f3n reconocida por L\u00f3pez Obrador.<\/p>\n<p>M\u00e1s tarde lleg\u00f3 la fotograf\u00eda del recuerdo, y destac\u00f3 un detalle proporcionado por los menores, quienes entregaron al presidente L\u00f3pez Obrador un jersey autografiado del Real Madrid, que fue la instituci\u00f3n que organiz\u00f3 el torneo conseguido por los ni\u00f1os regios.<\/p>\n<p>Por su parte, Samuel Garc\u00eda remarc\u00f3 su felicitaci\u00f3n a los ni\u00f1os campeones que participaron en el programa de San Bernab\u00e9 al\u00a0 Santiago Bernab\u00e9u y agreg\u00f3 en sus historias de Instagram los pormenores de la reuni\u00f3n.<\/p>\n<p>&nbsp;<\/p>\n<p>Fuente: ABC NOTICIAS<\/p>\n","protected":false},"excerpt":{"rendered":"<p>Ciudad de M\u00e9xico.- Luego de haber puesto en alto el nombre de M\u00e9xico y de Nuevo Le\u00f3n a nivel mundial, los ni\u00f1os campeones del World Challenge fueron reconocidos esta ma\u00f1ana por el presidente Andr\u00e9s Manuel L\u00f3pez Obrador. Durante la conferencia de prensa matutina, el gobernador Samuel Garc\u00eda Sep\u00falveda, junto al empresario e impulsor deportivo Carlos [&hellip;]<\/p>\n","protected":false},"author":9,"featured_media":40805,"comment_status":"closed","ping_status":"closed","sticky":false,"template":"","format":"standard","meta":{"footnotes":""},"categories":[19],"tags":[124,7124,5859],"class_list":["post-40804","post","type-post","status-publish","format-standard","has-post-thumbnail","hentry","category-nacional","tag-amlo","tag-reconoce-a-los-ninos-campeones","tag-ultimas-noticias"],"_links":{"self":[{"href":"https:\/\/laultimapalabra.com.mx\/portal\/wp-json\/wp\/v2\/posts\/40804","targetHints":{"allow":["GET"]}}],"collection":[{"href":"https:\/\/laultimapalabra.com.mx\/portal\/wp-json\/wp\/v2\/posts"}],"about":[{"href":"https:\/\/laultimapalabra.com.mx\/portal\/wp-json\/wp\/v2\/types\/post"}],"author":[{"embeddable":true,"href":"https:\/\/laultimapalabra.com.mx\/portal\/wp-json\/wp\/v2\/users\/9"}],"replies":[{"embeddable":true,"href":"https:\/\/laultimapalabra.com.mx\/portal\/wp-json\/wp\/v2\/comments?post=40804"}],"version-history":[{"count":2,"href":"https:\/\/laultimapalabra.com.mx\/portal\/wp-json\/wp\/v2\/posts\/40804\/revisions"}],"predecessor-version":[{"id":82404,"href":"https:\/\/laultimapalabra.com.mx\/portal\/wp-json\/wp\/v2\/posts\/40804\/revisions\/82404"}],"wp:featuredmedia":[{"embeddable":true,"href":"https:\/\/laultimapalabra.com.mx\/portal\/wp-json\/wp\/v2\/media\/40805"}],"wp:attachment":[{"href":"https:\/\/laultimapalabra.com.mx\/portal\/wp-json\/wp\/v2\/media?parent=40804"}],"wp:term":[{"taxonomy":"category","embeddable":true,"href":"https:\/\/laultimapalabra.com.mx\/portal\/wp-json\/wp\/v2\/categories?post=40804"},{"taxonomy":"post_tag","embeddable":true,"href":"https:\/\/laultimapalabra.com.mx\/portal\/wp-json\/wp\/v2\/tags?post=40804"}],"curies":[{"name":"wp","href":"https:\/\/api.w.org\/{rel}","templated":true}]}}