                       {"id":40813,"date":"2023-05-04T17:39:07","date_gmt":"2023-05-04T23:39:07","guid":{"rendered":"https:\/\/laultimapalabra.com.mx\/portal\/?p=40813"},"modified":"2024-12-11T10:41:58","modified_gmt":"2024-12-11T16:41:58","slug":"instalan-bazar-por-el-dia-de-la-madre-en-la-plaza-principal","status":"publish","type":"post","link":"https:\/\/laultimapalabra.com.mx\/portal\/instalan-bazar-por-el-dia-de-la-madre-en-la-plaza-principal\/","title":{"rendered":"Instalan bazar por el Dia de la Madre en la Plaza Principal\u00a0"},"content":{"rendered":"<p>Cadereyta Jim\u00e9nez, N.L.- Con la participaci\u00f3n de m\u00e1s de 60 mujeres emprendedoras y para acercar productos que sirvan para los regalos del ya muy pr\u00f3ximo \u201cD\u00eda de las Madres\u201d, el Gobierno de Cadereyta facilit\u00f3 a partir de este jueves la instalaci\u00f3n de un bazar en la Plaza Principal Miguel Hidalgo.<\/p>\n<p>&nbsp;<\/p>\n<p>&nbsp;<\/p>\n<p>&nbsp;<\/p>\n<p><img loading=\"lazy\" decoding=\"async\" class=\"alignnone size-medium wp-image-40815\" src=\"https:\/\/laultimapalabra.com.mx\/portal\/wp-content\/uploads\/2023\/05\/IMG-20230504-WA0047-300x200.jpg\" alt=\"\" width=\"300\" height=\"200\" srcset=\"https:\/\/laultimapalabra.com.mx\/portal\/wp-content\/uploads\/2023\/05\/IMG-20230504-WA0047-300x200.jpg 300w, https:\/\/laultimapalabra.com.mx\/portal\/wp-content\/uploads\/2023\/05\/IMG-20230504-WA0047-1024x682.jpg 1024w, https:\/\/laultimapalabra.com.mx\/portal\/wp-content\/uploads\/2023\/05\/IMG-20230504-WA0047-768x512.jpg 768w, https:\/\/laultimapalabra.com.mx\/portal\/wp-content\/uploads\/2023\/05\/IMG-20230504-WA0047-1536x1023.jpg 1536w, https:\/\/laultimapalabra.com.mx\/portal\/wp-content\/uploads\/2023\/05\/IMG-20230504-WA0047.jpg 1600w\" sizes=\"auto, (max-width: 300px) 100vw, 300px\" \/><\/p>\n<p>Desde la ma\u00f1ana los stands fueron instalados en los alrededores de este espacio p\u00fablico, para que las participantes colocaran y exhibieran su mercanc\u00eda a los cientos de peatones que diariamente pasan por ah\u00ed.<\/p>\n<p>&nbsp;<\/p>\n<p>&nbsp;<\/p>\n<p>&nbsp;<\/p>\n<p><img loading=\"lazy\" decoding=\"async\" class=\"alignnone size-medium wp-image-40816\" src=\"https:\/\/laultimapalabra.com.mx\/portal\/wp-content\/uploads\/2023\/05\/IMG-20230504-WA0046-300x200.jpg\" alt=\"\" width=\"300\" height=\"200\" srcset=\"https:\/\/laultimapalabra.com.mx\/portal\/wp-content\/uploads\/2023\/05\/IMG-20230504-WA0046-300x200.jpg 300w, https:\/\/laultimapalabra.com.mx\/portal\/wp-content\/uploads\/2023\/05\/IMG-20230504-WA0046-1024x682.jpg 1024w, https:\/\/laultimapalabra.com.mx\/portal\/wp-content\/uploads\/2023\/05\/IMG-20230504-WA0046-768x512.jpg 768w, https:\/\/laultimapalabra.com.mx\/portal\/wp-content\/uploads\/2023\/05\/IMG-20230504-WA0046-1536x1023.jpg 1536w, https:\/\/laultimapalabra.com.mx\/portal\/wp-content\/uploads\/2023\/05\/IMG-20230504-WA0046.jpg 1600w\" sizes=\"auto, (max-width: 300px) 100vw, 300px\" \/><\/p>\n<p>Cosme Juli\u00e1n Leal Cant\u00fa, Alcalde de Cadereyta, explic\u00f3 que este tipo de actividades se realizan con el objetivo de estimular a las personas que tienen un peque\u00f1o negocio y desean darse a conocer con m\u00e1s clientes, adem\u00e1s de facilitar la b\u00fasqueda a quienes quieren comprar algo para esta importante fecha.<\/p>\n<p>&nbsp;<\/p>\n<p>&nbsp;<\/p>\n<p>&nbsp;<\/p>\n<p><img loading=\"lazy\" decoding=\"async\" class=\"alignnone size-medium wp-image-40817\" src=\"https:\/\/laultimapalabra.com.mx\/portal\/wp-content\/uploads\/2023\/05\/IMG-20230504-WA0033-300x237.jpg\" alt=\"\" width=\"300\" height=\"237\" srcset=\"https:\/\/laultimapalabra.com.mx\/portal\/wp-content\/uploads\/2023\/05\/IMG-20230504-WA0033-300x237.jpg 300w, https:\/\/laultimapalabra.com.mx\/portal\/wp-content\/uploads\/2023\/05\/IMG-20230504-WA0033-1024x808.jpg 1024w, https:\/\/laultimapalabra.com.mx\/portal\/wp-content\/uploads\/2023\/05\/IMG-20230504-WA0033-768x606.jpg 768w, https:\/\/laultimapalabra.com.mx\/portal\/wp-content\/uploads\/2023\/05\/IMG-20230504-WA0033-1536x1212.jpg 1536w, https:\/\/laultimapalabra.com.mx\/portal\/wp-content\/uploads\/2023\/05\/IMG-20230504-WA0033.jpg 1600w\" sizes=\"auto, (max-width: 300px) 100vw, 300px\" \/><\/p>\n<p>\u201cA trav\u00e9s de Desarrollo Econ\u00f3mico se publican las convocatorias y requisitos para el registro de las y los emprendedores, todo va encaminado en mejorar la econom\u00eda de los jimenenses pues tanto quienes venden como quienes compran, ayudan a que la actividad econ\u00f3mica de Cadereyta crezca\u201d, coment\u00f3 el Presidente Municipal durante un recorrido realizado por los m\u00f3dulos.<\/p>\n<p>&nbsp;<\/p>\n<p>&nbsp;<\/p>\n<p>&nbsp;<\/p>\n<p><img loading=\"lazy\" decoding=\"async\" class=\"alignnone size-medium wp-image-40818\" src=\"https:\/\/laultimapalabra.com.mx\/portal\/wp-content\/uploads\/2023\/05\/IMG-20230504-WA0050-300x200.jpg\" alt=\"\" width=\"300\" height=\"200\" srcset=\"https:\/\/laultimapalabra.com.mx\/portal\/wp-content\/uploads\/2023\/05\/IMG-20230504-WA0050-300x200.jpg 300w, https:\/\/laultimapalabra.com.mx\/portal\/wp-content\/uploads\/2023\/05\/IMG-20230504-WA0050-1024x682.jpg 1024w, https:\/\/laultimapalabra.com.mx\/portal\/wp-content\/uploads\/2023\/05\/IMG-20230504-WA0050-768x512.jpg 768w, https:\/\/laultimapalabra.com.mx\/portal\/wp-content\/uploads\/2023\/05\/IMG-20230504-WA0050-1536x1023.jpg 1536w, https:\/\/laultimapalabra.com.mx\/portal\/wp-content\/uploads\/2023\/05\/IMG-20230504-WA0050.jpg 1600w\" sizes=\"auto, (max-width: 300px) 100vw, 300px\" \/><\/p>\n<p>Leal Cant\u00fa detall\u00f3 que el bazar se instal\u00f3 hoy con 61 participantes y estar\u00e1 en funcionamiento hasta el pr\u00f3ximo lunes 15 de mayo, para que cualquier persona interesada acuda a la Plaza Miguel Hidalgo, ubicada justo frente a la Presidencia Municipal.<\/p>\n","protected":false},"excerpt":{"rendered":"<p>Cadereyta Jim\u00e9nez, N.L.- Con la participaci\u00f3n de m\u00e1s de 60 mujeres emprendedoras y para acercar productos que sirvan para los regalos del ya muy pr\u00f3ximo \u201cD\u00eda de las Madres\u201d, el Gobierno de Cadereyta facilit\u00f3 a partir de este jueves la instalaci\u00f3n de un bazar en la Plaza Principal Miguel Hidalgo. &nbsp; &nbsp; &nbsp; Desde la [&hellip;]<\/p>\n","protected":false},"author":9,"featured_media":40814,"comment_status":"closed","ping_status":"closed","sticky":false,"template":"","format":"standard","meta":{"footnotes":""},"categories":[17],"tags":[7126,3840,2545,5859],"class_list":["post-40813","post","type-post","status-publish","format-standard","has-post-thumbnail","hentry","category-locales-cadereyta","tag-bazar","tag-cadereyta-jimenez-nl","tag-dia-de-las-madres","tag-ultimas-noticias"],"_links":{"self":[{"href":"https:\/\/laultimapalabra.com.mx\/portal\/wp-json\/wp\/v2\/posts\/40813","targetHints":{"allow":["GET"]}}],"collection":[{"href":"https:\/\/laultimapalabra.com.mx\/portal\/wp-json\/wp\/v2\/posts"}],"about":[{"href":"https:\/\/laultimapalabra.com.mx\/portal\/wp-json\/wp\/v2\/types\/post"}],"author":[{"embeddable":true,"href":"https:\/\/laultimapalabra.com.mx\/portal\/wp-json\/wp\/v2\/users\/9"}],"replies":[{"embeddable":true,"href":"https:\/\/laultimapalabra.com.mx\/portal\/wp-json\/wp\/v2\/comments?post=40813"}],"version-history":[{"count":2,"href":"https:\/\/laultimapalabra.com.mx\/portal\/wp-json\/wp\/v2\/posts\/40813\/revisions"}],"predecessor-version":[{"id":82410,"href":"https:\/\/laultimapalabra.com.mx\/portal\/wp-json\/wp\/v2\/posts\/40813\/revisions\/82410"}],"wp:featuredmedia":[{"embeddable":true,"href":"https:\/\/laultimapalabra.com.mx\/portal\/wp-json\/wp\/v2\/media\/40814"}],"wp:attachment":[{"href":"https:\/\/laultimapalabra.com.mx\/portal\/wp-json\/wp\/v2\/media?parent=40813"}],"wp:term":[{"taxonomy":"category","embeddable":true,"href":"https:\/\/laultimapalabra.com.mx\/portal\/wp-json\/wp\/v2\/categories?post=40813"},{"taxonomy":"post_tag","embeddable":true,"href":"https:\/\/laultimapalabra.com.mx\/portal\/wp-json\/wp\/v2\/tags?post=40813"}],"curies":[{"name":"wp","href":"https:\/\/api.w.org\/{rel}","templated":true}]}}