                       {"id":4084,"date":"2018-10-11T20:16:08","date_gmt":"2018-10-11T20:16:08","guid":{"rendered":"http:\/\/laultimapalabra.info\/?p=4084"},"modified":"2024-12-11T08:53:17","modified_gmt":"2024-12-11T14:53:17","slug":"octubre-9-de-1921-nace-la-radio-en-monterrey-n-l","status":"publish","type":"post","link":"https:\/\/laultimapalabra.com.mx\/portal\/octubre-9-de-1921-nace-la-radio-en-monterrey-n-l\/","title":{"rendered":"Octubre 9 de 1921\u2026.. Nace la radio en Monterrey N.L."},"content":{"rendered":"<p style=\"text-align: justify;\"><img loading=\"lazy\" decoding=\"async\" class=\"size-medium wp-image-4086 alignleft\" src=\"https:\/\/laultimapalabra.com.mx\/portal\/wp-content\/uploads\/2018\/10\/Estacion-XEH-copia-300x270.jpg\" alt=\"\" width=\"300\" height=\"270\" \/>Por: Dr. Jos\u00e9 Ascenci\u00f3n Tijerina Flores<br \/>\nEl Ing. Regiomontano, Costantito de T\u00e1rnava trasmite el primer programa de radio \u201cEn vivo de estudio\u201d desde la primer radio difusora en Latinoam\u00e9rica que nace en Monterrey con las siglas TND (T\u00e1rnava North Dame) en su casa paterna, ubicada en el cruzamiento de las calle Guerrero y Padre Mier con un contenido en su programaci\u00f3n netamente musical.<br \/>\nEste Ingeniero egresado de la Universidad del North Dame, Indiana, Logr\u00f3 tal haza\u00f1a con un sencillo equipo de apenas 50 whatts y hasta el a\u00f1o de 1929 trasmiti\u00f3 desde la sala de su casa en forma experimental.<br \/>\nDe las siglas TND pas\u00f3 a CYD para terminar convertida su estaci\u00f3n en XEH, ya en 1929 y a partir de entonces trasmit\u00eda en forma comercializada y era identificada como \u201cLa voz de Monterrey\u201d.<br \/>\nEl 19 de marzo de 1930 nacer\u00eda la segunda estaci\u00f3n de radio en Monterrey identificada por las siglas XET \u201cEl Pregonero del Norte\u201d en las calles de Hidalgo y Galeana, era propiedad de Don Emilio Azc\u00e1rraga Vidaurreta, Tamaulipeco avecindado en Linares Nuevo Le\u00f3n, quien despu\u00e9s, en septiembre de 1930 fundara en la ciudad de M\u00e9xico la XEW.<br \/>\nRegresando a Constantino de T\u00e1rnava, el nace en Monterrey Nuevo le\u00f3n el 26 de febrero de 1898, estudia en el Colegio Marista Hidalgo de esta ciudad y en 1913 estudia telegraf\u00eda sin hilos en Aust\u00edn Texas en ST Eduards Collige.<br \/>\nEn 1928 ingresa a la Universidad de North Dame, Indiana, para estudiar Ingenier\u00eda el\u00e9ctrica. Cuando viene a Monterrey a pasar un verano en su casa familiar, monta un taller con piezas de desecho (Bulbos y despojos de aparatos el\u00e9ctricos) de la primera guerra mundial y crea una estaci\u00f3n trasmitiendo a dos radio aficionados que hab\u00eda en Monterrey: Rodolfo de la Garza, Gerente de banco de Nuevo Le\u00f3n y R. Berm\u00fadez, fabricante de acumuladores.<br \/>\nEn el verano de 1920 trasmite las noticias que le\u00eda del peri\u00f3dico \u201cEl Porvenir\u201d y el 9 de octubre de 1921 logra la primera trasmisi\u00f3n de radio en vivo en Am\u00e9rica Latina. En 1923 el Presidente \u00c1lvaro Obreg\u00f3n le concede el permiso oficial para trasmitir programas culturales.<br \/>\nEl Ing. T\u00e1rnava fue sin duda un genio, pues adem\u00e1s fabricaba aparatos el\u00e9ctricos que vend\u00eda casa por casa en el centro de la ciudad de Monterrey y adem\u00e1s en 1926 funda el \u201cObservatorio Meteorol\u00f3gico Constantito de T\u00e1rnava\u201d.<br \/>\nSu historia es representativa y ejemplo de los Nuevo Leoneses que han hecho grande a nuestro estado con trabajo y creatividad, le da a Monterrey y a la regi\u00f3n la dimensi\u00f3n y el orgullo de ser la primera ciudad en Latinoam\u00e9rica en contar con el primer Observatorio Meteorol\u00f3gico de la regi\u00f3n.<br \/>\nEl Ing. Tarnava muri\u00f3 a los 76 a\u00f1os en la ciudad de Monterrey despu\u00e9s de una fruct\u00edfera trayectoria, lamentablemente que esta infausta noticia pas\u00f3 desapercibida para el grueso de la poblaci\u00f3n que no conoc\u00eda y menos reconoc\u00eda su historia.<br \/>\nNo tenemos conocimiento de alg\u00fan homenaje o recuerdo que perpet\u00fae su memoria, hoy lo recordamos reconociendo que sin duda es un personaje ilustre y un h\u00e9roe desconocido lamentablemente ignorado.<br \/>\nGracias.<\/p>\n","protected":false},"excerpt":{"rendered":"<p>Por: Dr. Jos\u00e9 Ascenci\u00f3n Tijerina Flores El Ing. Regiomontano, Costantito de T\u00e1rnava trasmite el primer programa de radio \u201cEn vivo de estudio\u201d desde la primer radio difusora en Latinoam\u00e9rica que nace en Monterrey con las siglas TND (T\u00e1rnava North Dame) en su casa paterna, ubicada en el cruzamiento de las calle Guerrero y Padre Mier [&hellip;]<\/p>\n","protected":false},"author":9,"featured_media":4086,"comment_status":"open","ping_status":"closed","sticky":false,"template":"","format":"standard","meta":{"footnotes":""},"categories":[1],"tags":[879],"class_list":["post-4084","post","type-post","status-publish","format-standard","has-post-thumbnail","hentry","category-noticias","tag-dr-jose-ascencion-tijerina-flores"],"_links":{"self":[{"href":"https:\/\/laultimapalabra.com.mx\/portal\/wp-json\/wp\/v2\/posts\/4084","targetHints":{"allow":["GET"]}}],"collection":[{"href":"https:\/\/laultimapalabra.com.mx\/portal\/wp-json\/wp\/v2\/posts"}],"about":[{"href":"https:\/\/laultimapalabra.com.mx\/portal\/wp-json\/wp\/v2\/types\/post"}],"author":[{"embeddable":true,"href":"https:\/\/laultimapalabra.com.mx\/portal\/wp-json\/wp\/v2\/users\/9"}],"replies":[{"embeddable":true,"href":"https:\/\/laultimapalabra.com.mx\/portal\/wp-json\/wp\/v2\/comments?post=4084"}],"version-history":[{"count":1,"href":"https:\/\/laultimapalabra.com.mx\/portal\/wp-json\/wp\/v2\/posts\/4084\/revisions"}],"predecessor-version":[{"id":65206,"href":"https:\/\/laultimapalabra.com.mx\/portal\/wp-json\/wp\/v2\/posts\/4084\/revisions\/65206"}],"wp:featuredmedia":[{"embeddable":true,"href":"https:\/\/laultimapalabra.com.mx\/portal\/wp-json\/"}],"wp:attachment":[{"href":"https:\/\/laultimapalabra.com.mx\/portal\/wp-json\/wp\/v2\/media?parent=4084"}],"wp:term":[{"taxonomy":"category","embeddable":true,"href":"https:\/\/laultimapalabra.com.mx\/portal\/wp-json\/wp\/v2\/categories?post=4084"},{"taxonomy":"post_tag","embeddable":true,"href":"https:\/\/laultimapalabra.com.mx\/portal\/wp-json\/wp\/v2\/tags?post=4084"}],"curies":[{"name":"wp","href":"https:\/\/api.w.org\/{rel}","templated":true}]}}