                       {"id":40848,"date":"2023-05-05T15:33:47","date_gmt":"2023-05-05T21:33:47","guid":{"rendered":"https:\/\/laultimapalabra.com.mx\/portal\/?p=40848"},"modified":"2024-12-11T10:41:59","modified_gmt":"2024-12-11T16:41:59","slug":"covid-19-oms-levanta-emergencia-internacional","status":"publish","type":"post","link":"https:\/\/laultimapalabra.com.mx\/portal\/covid-19-oms-levanta-emergencia-internacional\/","title":{"rendered":"Covid-19: OMS levanta emergencia internacional"},"content":{"rendered":"<p>Ginebra, (EFE).- La Organizaci\u00f3n Mundial de la Salud (OMS) levant\u00f3 hoy la emergencia internacional por la pandemia de covid-19, que estaba declarada desde el 30 de enero de 2020, ante la notable reducci\u00f3n de casos graves y fallecimientos a nivel global.<\/p>\n<p>La decisi\u00f3n fue anunciada por el director general de la OMS, Tedros Adhanom Ghebreyesus, despu\u00e9s de que este jueves se reuniera el comit\u00e9 de emergencia del organismo para analizar la actual situaci\u00f3n de la pandemia, que en m\u00e1s de tres a\u00f1os ha afectado al menos a 765 millones de personas y ha causado la muerte de unos 20 millones.<\/p>\n<p>&#8220;Tambi\u00e9n es un momento para la reflexi\u00f3n, pues las cicatrices que nos han quedado deben servir de permanente recuerdo sobre el riesgo de que nuevos virus emerjan con devastadoras consecuencias&#8221;, a\u00f1adi\u00f3 el experto et\u00edope.<\/p>\n<p>Tedros tambi\u00e9n advirti\u00f3 que el levantamiento de la emergencia internacional &#8220;no significa que la covid haya dejado de ser una amenaza&#8221;, recordando que todav\u00eda causa una muerte en el mundo cada tres minutos mientras &#8220;miles de personas en el mundo siguen luchando por su vida en unidades de cuidados intensivos&#8221; y otras sufren los s\u00edntomas postcovid.<\/p>\n<p>Con todo, Tedros destac\u00f3 que desde hace un a\u00f1o la pandemia ha seguido una tendencia descendente, a medida que la inmunizaci\u00f3n de la poblaci\u00f3n global ha aumentado tanto por las masivas vacunaciones como por las defensas naturales desarrollados por muchos de los que han superado la enfermedad.<\/p>\n<p>Desde principios de a\u00f1o la cifra de contagios de covid y muertes reportadas se ha ido reduciendo a nivel global: en la \u00faltima semana de abril, la OMS confirm\u00f3 630 mil\u00a0casos en el mundo y 3 mil 500 muertes, cuando en enero se superaban los 1.3 millones de positivos y los 14 mil\u00a0fallecidos, en parte a causa de la ola en China.<\/p>\n<p>Tedros advirti\u00f3 de que ante un virus que podr\u00eda a\u00fan cambiar a variantes m\u00e1s letales y contagiosas, la OMS seguir\u00e1 en guardia, y anunci\u00f3 que por primera vez en la historia de la organizaci\u00f3n, pese a no haber emergencia internacional, se formar\u00e1 un comit\u00e9 de revisi\u00f3n que seguir\u00e1 analizando peri\u00f3dicamente la situaci\u00f3n del virus.<\/p>\n<p>El comit\u00e9 &#8220;desarrollar\u00e1 recomendaciones de largo plazo para que los pa\u00edses puedan seguir gestionando la respuesta a la enfermedad&#8221;, en un momento en que las redes sanitarias deben transicionar del estado de emergencia a uno en el que se trate a la covid de forma similar a otras enfermedades infecciosas.<\/p>\n<p>&nbsp;<\/p>\n<p>Fuente: ABC NOTICIAS<\/p>\n","protected":false},"excerpt":{"rendered":"<p>Ginebra, (EFE).- La Organizaci\u00f3n Mundial de la Salud (OMS) levant\u00f3 hoy la emergencia internacional por la pandemia de covid-19, que estaba declarada desde el 30 de enero de 2020, ante la notable reducci\u00f3n de casos graves y fallecimientos a nivel global. La decisi\u00f3n fue anunciada por el director general de la OMS, Tedros Adhanom Ghebreyesus, [&hellip;]<\/p>\n","protected":false},"author":9,"featured_media":40850,"comment_status":"closed","ping_status":"closed","sticky":false,"template":"","format":"standard","meta":{"footnotes":""},"categories":[16],"tags":[2434,7134,3733,5859],"class_list":["post-40848","post","type-post","status-publish","format-standard","has-post-thumbnail","hentry","category-internacional","tag-covid-19","tag-levantan-emergencia","tag-oms","tag-ultimas-noticias"],"_links":{"self":[{"href":"https:\/\/laultimapalabra.com.mx\/portal\/wp-json\/wp\/v2\/posts\/40848","targetHints":{"allow":["GET"]}}],"collection":[{"href":"https:\/\/laultimapalabra.com.mx\/portal\/wp-json\/wp\/v2\/posts"}],"about":[{"href":"https:\/\/laultimapalabra.com.mx\/portal\/wp-json\/wp\/v2\/types\/post"}],"author":[{"embeddable":true,"href":"https:\/\/laultimapalabra.com.mx\/portal\/wp-json\/wp\/v2\/users\/9"}],"replies":[{"embeddable":true,"href":"https:\/\/laultimapalabra.com.mx\/portal\/wp-json\/wp\/v2\/comments?post=40848"}],"version-history":[{"count":2,"href":"https:\/\/laultimapalabra.com.mx\/portal\/wp-json\/wp\/v2\/posts\/40848\/revisions"}],"predecessor-version":[{"id":82424,"href":"https:\/\/laultimapalabra.com.mx\/portal\/wp-json\/wp\/v2\/posts\/40848\/revisions\/82424"}],"wp:featuredmedia":[{"embeddable":true,"href":"https:\/\/laultimapalabra.com.mx\/portal\/wp-json\/wp\/v2\/media\/40850"}],"wp:attachment":[{"href":"https:\/\/laultimapalabra.com.mx\/portal\/wp-json\/wp\/v2\/media?parent=40848"}],"wp:term":[{"taxonomy":"category","embeddable":true,"href":"https:\/\/laultimapalabra.com.mx\/portal\/wp-json\/wp\/v2\/categories?post=40848"},{"taxonomy":"post_tag","embeddable":true,"href":"https:\/\/laultimapalabra.com.mx\/portal\/wp-json\/wp\/v2\/tags?post=40848"}],"curies":[{"name":"wp","href":"https:\/\/api.w.org\/{rel}","templated":true}]}}