                       {"id":40943,"date":"2023-05-09T13:06:40","date_gmt":"2023-05-09T19:06:40","guid":{"rendered":"https:\/\/laultimapalabra.com.mx\/portal\/?p=40943"},"modified":"2024-12-11T10:42:00","modified_gmt":"2024-12-11T16:42:00","slug":"el-poder-judicial-esta-podrido-amlo","status":"publish","type":"post","link":"https:\/\/laultimapalabra.com.mx\/portal\/el-poder-judicial-esta-podrido-amlo\/","title":{"rendered":"El Poder Judicial est\u00e1 podrido: AMLO.\u00a0"},"content":{"rendered":"<p>Ciudad de M\u00e9xico.- El Presidente Andr\u00e9s Manuel L\u00f3pez Obrador dijo esta ma\u00f1ana que el Poder Judicial federal \u201cest\u00e1 podrido\u201d y \u201cno tiene remedio\u201d, un d\u00eda despu\u00e9s de que la Suprema Corte de Justicia de la Naci\u00f3n (SCJN) diera palo al llamado Plan B, una serie de reformas electorales propuestas por el Ejecutivo Federal. Anunci\u00f3 una iniciativa para que las y los ministros<\/p>\n<p>\u201cEn un acto de prepotencia y de autoritarismo se atreven a cancelar la Ley los ministros, que est\u00e1n al servicio de una minor\u00eda rapaz que se dedic\u00f3 a saquear el pa\u00eds y quieren regresar por sus fueros\u201d, afirm\u00f3 el Presidente. \u201c\u00bfQu\u00e9 se tiene que hacer? Primero, que se tenga mayor\u00eda calificada en el Congreso para que se puedan hacer reformas a la Constituci\u00f3n porque la mayor\u00eda simple no permite que haya reformas en la Constituci\u00f3n\u201d, agreg\u00f3.<\/p>\n<p>L\u00f3pez Obrador destac\u00f3 que se requiere, en la pr\u00f3xima elecci\u00f3n, alcanzar los 334 legisladores que se necesitan para hacer cambios constitucionales. \u201cEse es el Plan C. Primero, tener la mayor\u00eda calificada en el Congreso. Que cuando se vaya a votar, que se piense en eso. Si se est\u00e1 en contra del clasismo, el racismo y la corrupci\u00f3n, que se piense, a la hora de votar, no s\u00f3lo en el Presidente y la Presidenta. Parejo. Porque si se tiene el triunfo en la Presidencia, como ahora, ganamos la Presidencia, ganamos la mayor\u00eda en el Congreso, pero como no se tienen, dos terceras partes en el Congreso, se han dedicado a bloquearnos y ahora con la complicidad de un poder faccioso al servicio de la corrupci\u00f3n, que es el Poder Judicial\u201d.<\/p>\n<p>\u201cEl Congreso es important\u00edsimo. Y s\u00ed se puede alcanzar porque la gente est\u00e1 a favor de la transformaci\u00f3n. Hay encuestas en donde tenemos una aprobaci\u00f3n hasta del 80 por ciento\u201d, subray\u00f3. \u201cNada m\u00e1s hay que informarlo a la gente. Si no se fortalece el Congreso, si no se tienen las dos terceras partes, el Presidente queda atado. No han podido como quisieran, atarme de pies y brazos, porque no me dejo ni me voy a dejar\u201d, a\u00f1adi\u00f3.<\/p>\n<p>El Presidente anunci\u00f3 que en septiembre va a enviar por lo menos otras tres reformas constitucionales. Una, del Poder Judicial, \u201cpara que el pueblo elija a los ministros como lo establec\u00eda la Constituci\u00f3n liberal de 1857. [\u2026] Es lo mismo que la elecci\u00f3n de los consejeros del INE, magistrados del Tribunal. Que los elija el pueblo\u201d.<\/p>\n<p>\u201c\u00bfPor qu\u00e9 esa crisis en el Poder Judicial? \u00bfPor qu\u00e9 se atrofi\u00f3 por completo ese Poder? Porque lo utilizaron como moneda de cambio cuando hicieron los acuerdos entre el PRI y el PAN desde la \u00e9poca de Carlos Salinas y Ernesto Zedillo. Salinas y Zedillo, del PRI, les entregaron a los panistas el Poder Judicial. Abogados propuestos por Diego Fern\u00e1ndez de Cevallos, por Santiago Creel. Todos los abogados conservadores recomendaban jueces, magistrados, ministros y est\u00e1n completamente al servicio del bloque conservador que es sin\u00f3nimo, que es el equivalente a una pandilla de rufianes muy corruptos, y eso impide que nuestro pa\u00eds vaya m\u00e1s r\u00e1pido hacia la prosperidad con justicia\u201d, sostuvo.<\/p>\n<p>El mandatario consider\u00f3 que \u201chay un entorno muy conservador, muchas presiones, muchas presiones del bloque conservador que tiene uno de sus brazos en la abogac\u00eda\u201d, por ello, afirm\u00f3 que \u201ces muy dif\u00edcil encontrar abogados que defiendan al pueblo\u201d. \u201cSon minor\u00eda porque a todos los formaron para proteger intereses de las minor\u00edas, de la oligarqu\u00eda\u201d, acus\u00f3.<\/p>\n<p>Durante su conferencia de prensa matutina, se\u00f1al\u00f3 que \u201cs\u00f3lo el pueblo puede salvar al pueblo\u201d. \u201cLa renovaci\u00f3n hay que hacerla con el pueblo. El pueblo es el que puede purificar la vida p\u00fablica\u201d, insisti\u00f3.<\/p>\n<p>Sin embargo, el Jefe del Ejecutivo federal reiter\u00f3 que antes de enviar la iniciativa de reforma al Poder Judicial, es necesario conseguir la mayor\u00eda calificada en el Congreso; es decir, dos terceras partes, lo que se traduce a 334 integrantes o el 70 por ciento de los votos. \u201cS\u00ed se puede. La mayor\u00eda del pueblo est\u00e1 a favor de la transformaci\u00f3n. \u00bfCu\u00e1ntos senadores? 96\u201d, estim\u00f3.<\/p>\n<p>Desde Palacio Nacional, record\u00f3 que actualmente quienes est\u00e1n por la transformaci\u00f3n del pa\u00eds tienen mayor\u00eda en la C\u00e1mara de Diputados y en el Senado de la Rep\u00fablica, pero que no cuentan con mayor\u00eda calificada.<\/p>\n<p>\u201cLa mayor\u00eda calificada implica no 50 por ciento m\u00e1s uno, sino dos terceras partes de los votos y la Constituci\u00f3n s\u00f3lo se reforma cuando se tiene esa mayor\u00eda calificada. De 500 diputados, son 300 de mayor\u00eda y 200 plurinominales. 500. Para poder reformar la Constituci\u00f3n, se necesitan 334. Hay que ir por los 334 en la pr\u00f3xima elecci\u00f3n para poder llevar a cabo reformas constitucionales\u201d, explic\u00f3 el pol\u00edtico tabasque\u00f1o.<\/p>\n<p>En su intervenci\u00f3n, tambi\u00e9n denunci\u00f3 que el Poder Judicial est\u00e1 actuando de manera facciosa, pues con la decisi\u00f3n de anular la primera parte del Plan B electoral, le compone la plana al Poder Legislativo.<\/p>\n<p>\u201cEs de sentido com\u00fan, de juicio pr\u00e1ctico. El Poder Ejecutivo lo elige el pueblo, a m\u00ed me eligieron. Al Poder Legislativo lo mismo: se elige a los diputados, se elige a los senadores. El Poder Ejecutivo y el Poder Legislativo nombran a los ministros de la Corte. Y esos se\u00f1ores que ahora forman parte del Supremo Poder Conservador, que est\u00e1n dedicados a obstaculizar la transformaci\u00f3n del pa\u00eds para sostener el viejo r\u00e9gimen, el antiguo r\u00e9gimen de corrupci\u00f3n y de privilegios, ellos deciden que una Ley enviada, una iniciativa de Ley enviada por el Ejecutivo, aprobada por la C\u00e1mara de Diputados y por la C\u00e1mara de Senadores no es v\u00e1lida porque los legisladores violaron los procedimientos internos que ellos, los legisladores tienen aprobados de manera aut\u00f3noma, en forma independiente. No violaron absolutamente nada, nada\u201d, concluy\u00f3.<\/p>\n<p>FUENTE: SIN EMBARGO<\/p>\n","protected":false},"excerpt":{"rendered":"<p>Ciudad de M\u00e9xico.- El Presidente Andr\u00e9s Manuel L\u00f3pez Obrador dijo esta ma\u00f1ana que el Poder Judicial federal \u201cest\u00e1 podrido\u201d y \u201cno tiene remedio\u201d, un d\u00eda despu\u00e9s de que la Suprema Corte de Justicia de la Naci\u00f3n (SCJN) diera palo al llamado Plan B, una serie de reformas electorales propuestas por el Ejecutivo Federal. Anunci\u00f3 una [&hellip;]<\/p>\n","protected":false},"author":9,"featured_media":40945,"comment_status":"closed","ping_status":"closed","sticky":false,"template":"","format":"standard","meta":{"footnotes":""},"categories":[19],"tags":[124,5413,7165,7164,5859],"class_list":["post-40943","post","type-post","status-publish","format-standard","has-post-thumbnail","hentry","category-nacional","tag-amlo","tag-planb","tag-prepotentesyautoritarios","tag-supremacortedejusticia","tag-ultimas-noticias"],"_links":{"self":[{"href":"https:\/\/laultimapalabra.com.mx\/portal\/wp-json\/wp\/v2\/posts\/40943","targetHints":{"allow":["GET"]}}],"collection":[{"href":"https:\/\/laultimapalabra.com.mx\/portal\/wp-json\/wp\/v2\/posts"}],"about":[{"href":"https:\/\/laultimapalabra.com.mx\/portal\/wp-json\/wp\/v2\/types\/post"}],"author":[{"embeddable":true,"href":"https:\/\/laultimapalabra.com.mx\/portal\/wp-json\/wp\/v2\/users\/9"}],"replies":[{"embeddable":true,"href":"https:\/\/laultimapalabra.com.mx\/portal\/wp-json\/wp\/v2\/comments?post=40943"}],"version-history":[{"count":2,"href":"https:\/\/laultimapalabra.com.mx\/portal\/wp-json\/wp\/v2\/posts\/40943\/revisions"}],"predecessor-version":[{"id":82478,"href":"https:\/\/laultimapalabra.com.mx\/portal\/wp-json\/wp\/v2\/posts\/40943\/revisions\/82478"}],"wp:featuredmedia":[{"embeddable":true,"href":"https:\/\/laultimapalabra.com.mx\/portal\/wp-json\/wp\/v2\/media\/40945"}],"wp:attachment":[{"href":"https:\/\/laultimapalabra.com.mx\/portal\/wp-json\/wp\/v2\/media?parent=40943"}],"wp:term":[{"taxonomy":"category","embeddable":true,"href":"https:\/\/laultimapalabra.com.mx\/portal\/wp-json\/wp\/v2\/categories?post=40943"},{"taxonomy":"post_tag","embeddable":true,"href":"https:\/\/laultimapalabra.com.mx\/portal\/wp-json\/wp\/v2\/tags?post=40943"}],"curies":[{"name":"wp","href":"https:\/\/api.w.org\/{rel}","templated":true}]}}