                       {"id":41016,"date":"2023-05-10T16:22:47","date_gmt":"2023-05-10T22:22:47","guid":{"rendered":"https:\/\/laultimapalabra.com.mx\/portal\/?p=41016"},"modified":"2024-12-11T10:42:00","modified_gmt":"2024-12-11T16:42:00","slug":"el-premio-a-la-ministra-pina-se-pueden-conseguir-en-santo-domingo-ironiza-amlo","status":"publish","type":"post","link":"https:\/\/laultimapalabra.com.mx\/portal\/el-premio-a-la-ministra-pina-se-pueden-conseguir-en-santo-domingo-ironiza-amlo\/","title":{"rendered":"El premio a la ministra Pi\u00f1a &#8220;se pueden conseguir en Santo Domingo&#8221;, ironiza AMLO"},"content":{"rendered":"<p>CDMX.- \u00bfQu\u00e9 opina sobre el premio a la ministra presidenta de la Corte, Norma Pi\u00f1a? En respuesta el presidente Andr\u00e9s Manuel L\u00f3pez Obrador opt\u00f3 por la iron\u00eda: &#8220;Esos premios se pueden conseguir en la plaza de Santo Domingo o tambi\u00e9n en el Time, El economista del a\u00f1o, siempre era un secretario de Hacienda de M\u00e9xico en la \u00e9poca del saqueo. Los presidentes de M\u00e9xico sal\u00edan en portada&#8221;.<\/p>\n<p>Conferencia de prensa muy breve para dar paso al concierto de Eugenia Le\u00f3n y Mar\u00eda In\u00e9s Ochoa en ocasi\u00f3n del D\u00eda de las Madres, pero en la que aprovech\u00f3 para ratificar su propuesta de elegir a los ministros de la Suprema Corte de la Justicia de la Naci\u00f3n, cuando hizo una referencia al activismo del bloque conservador:<\/p>\n<p>&#8220;Ah\u00ed anda el bloque conservador, con el supremo poder conservador que est\u00e1 situado en el Poder Judicial, en la Corte, pero eso tiene remedio. Eso se resuelve con el m\u00e9todo democr\u00e1tico, por eso voy a enviar la iniciativa de reforma constitucional para que a los Ministros los elija el pueblo, para que se termine el dominio de las c\u00fapulas y sea el pueblo el que realmente mande y gobierne en M\u00e9xico&#8221;.<\/p>\n<p>Consider\u00f3 que ya es necesario poner fin a el elitismo para que todos los ciudadanos participen con el m\u00e9todo democr\u00e1tico, que no haya privilegios, exclusividad, que s\u00f3lo los de arriba decidan, que sea todo, nada de esa pol\u00edtica donde todos los intereses cuentan menos el inter\u00e9s del pueblo, bajo el supuesto, falsedad, la mentira de que el pueblo no existe, no sabe que tiene que ser conducido, orientado, manipulado. Eso se termina, lo quieran o no lo quieran&#8221;.<\/p>\n<p>La referencia al Poder Judicial se desprendi\u00f3 de una pregunta sobre la demanda del canciller Marcelo Ebrard sobre la definici\u00f3n de reglas en el proceso interno.<\/p>\n<p>L\u00f3pez Obrador declin\u00f3 opinar al respecto bajo el argumento de respetar las posturas de los aspirantes.<\/p>\n<p>Sin embargo, aludi\u00f3 a dejar ya en el pasado las pr\u00e1cticas del tapado, el dedazo y la compra del voto.<\/p>\n<p>Esto le di\u00f3 pauta para destacar que est\u00e1 en curso las elecciones en el estado de M\u00e9xico y Coahuila, modo de siempre ha ganado un partido &#8220;al que no quiero mencionar pero es f\u00e1cil de imaginar&#8221;.<\/p>\n<p>En este contexto pidi\u00f3 dejar atr\u00e1s la forma de hacer pol\u00edtica de antes y la fabricaci\u00f3n de candidatos que sin experiencia ni conocimiento de los problemas, de la poblaci\u00f3n, son postulados.<\/p>\n<p>&#8220;Ya eso no, cuidado con eso y cuidado tambi\u00e9n con la compra del voto y materiales y la entrega de pollos, patos, cochinos, marranos, puercos y el frijol con gorgojo, traficando con la pobreza de la gente y un caudal de mentiras. Si gano voy a hacer un puente en este poblado, pero no hay r\u00edo. Vamos tambi\u00e9n a hacer el r\u00edo&#8221;.<\/p>\n<p>Alert\u00f3 sobre candidatos que en las campa\u00f1as se construyen con pura publicidad y son candidatos que aparecen m\u00e1s que las Sabritas o la Coca Cola, tengan cuidado.<\/p>\n<p>&#8220;Nada de manipulaci\u00f3n, que cada quien vote por lo que le dicte su conciencia y que no est\u00e9n vendiendo el futuro de los hijos, que no hipotequen el futuro de las nuevas generaciones, que voten con libertad pensando siempre en la transformaci\u00f3n, en la justicia, la libertad, que no se deje la gente manipular&#8221;.<\/p>\n<p>Sin embargo confi\u00f3 en que estas elecciones en puerta se van a dar en completa libertad, elecciones limpias.<\/p>\n<p>A prop\u00f3sito del premio a Pi\u00f1a, otorgado por la Asociaci\u00f3n Internacional de Mujeres Juezas, aludi\u00f3 a la creaci\u00f3n de medallas, particularmente en Espa\u00f1a y, pidi\u00f3 poner en la pantalla la entrega de una medalla al historiador Enrique Krauze.<\/p>\n<p>Sin embargo, apareci\u00f3 en la pantalla la portada del Time cuando hizo un reconocimiento a su antecesor Enrique Pe\u00f1a Nieto con su foto en la portada y la leyenda Saving M\u00e9xico. &#8220;No, qu\u00edtalo&#8221;.<\/p>\n<p>Sin embargo solicit\u00f3 difundir la fotograf\u00eda de un reciente reconocimiento en Espa\u00f1a al rector de la UNAM, Enrique Graue. &#8220;Se reparten medallas como confetti&#8221;, dijo.<\/p>\n<p>FUENTE: LA JORNADA<\/p>\n","protected":false},"excerpt":{"rendered":"<p>CDMX.- \u00bfQu\u00e9 opina sobre el premio a la ministra presidenta de la Corte, Norma Pi\u00f1a? En respuesta el presidente Andr\u00e9s Manuel L\u00f3pez Obrador opt\u00f3 por la iron\u00eda: &#8220;Esos premios se pueden conseguir en la plaza de Santo Domingo o tambi\u00e9n en el Time, El economista del a\u00f1o, siempre era un secretario de Hacienda de M\u00e9xico [&hellip;]<\/p>\n","protected":false},"author":9,"featured_media":41017,"comment_status":"closed","ping_status":"closed","sticky":false,"template":"","format":"standard","meta":{"footnotes":""},"categories":[19],"tags":[124,7193,7194,7195,5859],"class_list":["post-41016","post","type-post","status-publish","format-standard","has-post-thumbnail","hentry","category-nacional","tag-amlo","tag-ministrapina","tag-premio","tag-santodoingo","tag-ultimas-noticias"],"_links":{"self":[{"href":"https:\/\/laultimapalabra.com.mx\/portal\/wp-json\/wp\/v2\/posts\/41016","targetHints":{"allow":["GET"]}}],"collection":[{"href":"https:\/\/laultimapalabra.com.mx\/portal\/wp-json\/wp\/v2\/posts"}],"about":[{"href":"https:\/\/laultimapalabra.com.mx\/portal\/wp-json\/wp\/v2\/types\/post"}],"author":[{"embeddable":true,"href":"https:\/\/laultimapalabra.com.mx\/portal\/wp-json\/wp\/v2\/users\/9"}],"replies":[{"embeddable":true,"href":"https:\/\/laultimapalabra.com.mx\/portal\/wp-json\/wp\/v2\/comments?post=41016"}],"version-history":[{"count":2,"href":"https:\/\/laultimapalabra.com.mx\/portal\/wp-json\/wp\/v2\/posts\/41016\/revisions"}],"predecessor-version":[{"id":82520,"href":"https:\/\/laultimapalabra.com.mx\/portal\/wp-json\/wp\/v2\/posts\/41016\/revisions\/82520"}],"wp:featuredmedia":[{"embeddable":true,"href":"https:\/\/laultimapalabra.com.mx\/portal\/wp-json\/wp\/v2\/media\/41017"}],"wp:attachment":[{"href":"https:\/\/laultimapalabra.com.mx\/portal\/wp-json\/wp\/v2\/media?parent=41016"}],"wp:term":[{"taxonomy":"category","embeddable":true,"href":"https:\/\/laultimapalabra.com.mx\/portal\/wp-json\/wp\/v2\/categories?post=41016"},{"taxonomy":"post_tag","embeddable":true,"href":"https:\/\/laultimapalabra.com.mx\/portal\/wp-json\/wp\/v2\/tags?post=41016"}],"curies":[{"name":"wp","href":"https:\/\/api.w.org\/{rel}","templated":true}]}}