                       {"id":41068,"date":"2023-05-11T15:01:31","date_gmt":"2023-05-11T21:01:31","guid":{"rendered":"https:\/\/laultimapalabra.com.mx\/portal\/?p=41068"},"modified":"2024-12-11T10:42:01","modified_gmt":"2024-12-11T16:42:01","slug":"reconoce-alcalde-de-cadereyta-a-mamas-en-su-dia","status":"publish","type":"post","link":"https:\/\/laultimapalabra.com.mx\/portal\/reconoce-alcalde-de-cadereyta-a-mamas-en-su-dia\/","title":{"rendered":"Reconoce alcalde de Cadereyta a mam\u00e1s en su d\u00eda\u00a0"},"content":{"rendered":"<p>Cadereyta Jim\u00e9nez, N.L.- Como un sencillo pero sentido reconocimiento al papel que representan en la Sociedad, Cosme Juli\u00e1n Leal Cant\u00fa, alcalde de Cadereyta, entreg\u00f3 la ma\u00f1ana de este mi\u00e9rcoles m\u00e1s de mil rosas a las madres de familias en la zona centro de Cadereyta.<\/p>\n<p>&nbsp;<\/p>\n<p>&nbsp;<\/p>\n<p><img loading=\"lazy\" decoding=\"async\" class=\"alignnone size-medium wp-image-41070\" src=\"https:\/\/laultimapalabra.com.mx\/portal\/wp-content\/uploads\/2023\/05\/IMG-20230511-WA0032-300x200.jpg\" alt=\"\" width=\"300\" height=\"200\" srcset=\"https:\/\/laultimapalabra.com.mx\/portal\/wp-content\/uploads\/2023\/05\/IMG-20230511-WA0032-300x200.jpg 300w, https:\/\/laultimapalabra.com.mx\/portal\/wp-content\/uploads\/2023\/05\/IMG-20230511-WA0032-1024x682.jpg 1024w, https:\/\/laultimapalabra.com.mx\/portal\/wp-content\/uploads\/2023\/05\/IMG-20230511-WA0032-768x512.jpg 768w, https:\/\/laultimapalabra.com.mx\/portal\/wp-content\/uploads\/2023\/05\/IMG-20230511-WA0032-1536x1023.jpg 1536w, https:\/\/laultimapalabra.com.mx\/portal\/wp-content\/uploads\/2023\/05\/IMG-20230511-WA0032.jpg 1600w\" sizes=\"auto, (max-width: 300px) 100vw, 300px\" \/><\/p>\n<p>El presidente municipal comenz\u00f3 la entrega en los alrededores de la Plaza Principal Miguel Hidalgo, en donde abord\u00f3 a las mam\u00e1s que pasaban por este espacio p\u00fablico a quienes felicit\u00f3 y entreg\u00f3 este detalle.<\/p>\n<p>&nbsp;<\/p>\n<p>&nbsp;<\/p>\n<p>&nbsp;<\/p>\n<p><img loading=\"lazy\" decoding=\"async\" class=\"alignnone size-medium wp-image-41071\" src=\"https:\/\/laultimapalabra.com.mx\/portal\/wp-content\/uploads\/2023\/05\/IMG-20230511-WA0030-300x200.jpg\" alt=\"\" width=\"300\" height=\"200\" srcset=\"https:\/\/laultimapalabra.com.mx\/portal\/wp-content\/uploads\/2023\/05\/IMG-20230511-WA0030-300x200.jpg 300w, https:\/\/laultimapalabra.com.mx\/portal\/wp-content\/uploads\/2023\/05\/IMG-20230511-WA0030-1024x682.jpg 1024w, https:\/\/laultimapalabra.com.mx\/portal\/wp-content\/uploads\/2023\/05\/IMG-20230511-WA0030-768x512.jpg 768w, https:\/\/laultimapalabra.com.mx\/portal\/wp-content\/uploads\/2023\/05\/IMG-20230511-WA0030-1536x1023.jpg 1536w, https:\/\/laultimapalabra.com.mx\/portal\/wp-content\/uploads\/2023\/05\/IMG-20230511-WA0030.jpg 1600w\" sizes=\"auto, (max-width: 300px) 100vw, 300px\" \/><\/p>\n<p>\u201cAs\u00ed es como en los \u00faltimos 20 a\u00f1os lo hemos hecho desde diferentes trincheras, ahora como Alcalde, y con la bendici\u00f3n de este intenso sol estamos entregando estas rosas a las mam\u00e1s de Cadereyta y s\u00f3lo haci\u00e9ndolo como un peque\u00f1o homenaje de la Administraci\u00f3n 2021-2024 y que se la pasen de lujo todas en este d\u00eda\u201d, dijo Leal Cant\u00fa.<\/p>\n<p>&nbsp;<\/p>\n<p>&nbsp;<\/p>\n<p>&nbsp;<\/p>\n<p><img loading=\"lazy\" decoding=\"async\" class=\"alignnone size-medium wp-image-41072\" src=\"https:\/\/laultimapalabra.com.mx\/portal\/wp-content\/uploads\/2023\/05\/IMG-20230511-WA0025-300x200.jpg\" alt=\"\" width=\"300\" height=\"200\" srcset=\"https:\/\/laultimapalabra.com.mx\/portal\/wp-content\/uploads\/2023\/05\/IMG-20230511-WA0025-300x200.jpg 300w, https:\/\/laultimapalabra.com.mx\/portal\/wp-content\/uploads\/2023\/05\/IMG-20230511-WA0025-1024x682.jpg 1024w, https:\/\/laultimapalabra.com.mx\/portal\/wp-content\/uploads\/2023\/05\/IMG-20230511-WA0025-768x512.jpg 768w, https:\/\/laultimapalabra.com.mx\/portal\/wp-content\/uploads\/2023\/05\/IMG-20230511-WA0025-1536x1023.jpg 1536w, https:\/\/laultimapalabra.com.mx\/portal\/wp-content\/uploads\/2023\/05\/IMG-20230511-WA0025.jpg 1600w\" sizes=\"auto, (max-width: 300px) 100vw, 300px\" \/><\/p>\n<p>Luego de regalar rosas en las principales calles del primer cuadro, el Alcalde tambi\u00e9n reparti\u00f3 algunas en el edificio del Palacio Municipal entre las empleadas.<\/p>\n<p>Por \u00faltimo el Edil jimenense hizo \u00e9nfasis en que los panteones a cargo de la Administraci\u00f3n, se encuentran limpios y bien vigilados por elementos de la Secretar\u00eda de Seguridad P\u00fablica y Vialidad para quienes visitan en estas fechas a ese ser tan especial que se adelant\u00f3 en el camino.<\/p>\n","protected":false},"excerpt":{"rendered":"<p>Cadereyta Jim\u00e9nez, N.L.- Como un sencillo pero sentido reconocimiento al papel que representan en la Sociedad, Cosme Juli\u00e1n Leal Cant\u00fa, alcalde de Cadereyta, entreg\u00f3 la ma\u00f1ana de este mi\u00e9rcoles m\u00e1s de mil rosas a las madres de familias en la zona centro de Cadereyta. &nbsp; &nbsp; El presidente municipal comenz\u00f3 la entrega en los alrededores [&hellip;]<\/p>\n","protected":false},"author":9,"featured_media":41069,"comment_status":"closed","ping_status":"closed","sticky":false,"template":"","format":"standard","meta":{"footnotes":""},"categories":[17],"tags":[3840,719,2545,5859],"class_list":["post-41068","post","type-post","status-publish","format-standard","has-post-thumbnail","hentry","category-locales-cadereyta","tag-cadereyta-jimenez-nl","tag-cosme-leal","tag-dia-de-las-madres","tag-ultimas-noticias"],"_links":{"self":[{"href":"https:\/\/laultimapalabra.com.mx\/portal\/wp-json\/wp\/v2\/posts\/41068","targetHints":{"allow":["GET"]}}],"collection":[{"href":"https:\/\/laultimapalabra.com.mx\/portal\/wp-json\/wp\/v2\/posts"}],"about":[{"href":"https:\/\/laultimapalabra.com.mx\/portal\/wp-json\/wp\/v2\/types\/post"}],"author":[{"embeddable":true,"href":"https:\/\/laultimapalabra.com.mx\/portal\/wp-json\/wp\/v2\/users\/9"}],"replies":[{"embeddable":true,"href":"https:\/\/laultimapalabra.com.mx\/portal\/wp-json\/wp\/v2\/comments?post=41068"}],"version-history":[{"count":2,"href":"https:\/\/laultimapalabra.com.mx\/portal\/wp-json\/wp\/v2\/posts\/41068\/revisions"}],"predecessor-version":[{"id":82550,"href":"https:\/\/laultimapalabra.com.mx\/portal\/wp-json\/wp\/v2\/posts\/41068\/revisions\/82550"}],"wp:featuredmedia":[{"embeddable":true,"href":"https:\/\/laultimapalabra.com.mx\/portal\/wp-json\/wp\/v2\/media\/41069"}],"wp:attachment":[{"href":"https:\/\/laultimapalabra.com.mx\/portal\/wp-json\/wp\/v2\/media?parent=41068"}],"wp:term":[{"taxonomy":"category","embeddable":true,"href":"https:\/\/laultimapalabra.com.mx\/portal\/wp-json\/wp\/v2\/categories?post=41068"},{"taxonomy":"post_tag","embeddable":true,"href":"https:\/\/laultimapalabra.com.mx\/portal\/wp-json\/wp\/v2\/tags?post=41068"}],"curies":[{"name":"wp","href":"https:\/\/api.w.org\/{rel}","templated":true}]}}