                       {"id":41100,"date":"2023-05-11T23:26:23","date_gmt":"2023-05-12T05:26:23","guid":{"rendered":"https:\/\/laultimapalabra.com.mx\/portal\/?p=41100"},"modified":"2024-12-11T10:42:01","modified_gmt":"2024-12-11T16:42:01","slug":"viene-amlo-a-cadereyta","status":"publish","type":"post","link":"https:\/\/laultimapalabra.com.mx\/portal\/viene-amlo-a-cadereyta\/","title":{"rendered":"Viene AMLO a Cadereyta"},"content":{"rendered":"\n<p><br>Cadereyta Jim\u00e9nez, N.L.-Este s\u00e1bado 13 de mayo, el presidente Andr\u00e9s Manuel L\u00f3pez Obrador, estar\u00e1 en Cadereyta, espec\u00edficamente en la Refiner\u00eda H\u00e9ctor R. Lara Sosa.<br>Aunque no se especific\u00f3 la hora, el gobernador Samuel Garc\u00eda, anunci\u00f3 que la visita del primer mandatario, obedece a la presentaci\u00f3n del Plan Integral de Gesti\u00f3n Estrat\u00e9gica de la Calidad del Aire.<br>En el evento se firmar\u00e1 el pacto ecol\u00f3gico que involucra a todos los sectores sociales a comprometerse a mejorar la calidad del aire.<br>A\u00fan no se ha dado a conocer la agenda del presidente en Cadereyta, pero trascendi\u00f3 que ser\u00e1 breve su estad\u00eda.<\/p>\n\r\n","protected":false},"excerpt":{"rendered":"<p>Cadereyta Jim\u00e9nez, N.L.-Este s\u00e1bado 13 de mayo, el presidente Andr\u00e9s Manuel L\u00f3pez Obrador, estar\u00e1 en Cadereyta, espec\u00edficamente en la Refiner\u00eda H\u00e9ctor R. Lara Sosa.Aunque no se especific\u00f3 la hora, el gobernador Samuel Garc\u00eda, anunci\u00f3 que la visita del primer mandatario, obedece a la presentaci\u00f3n del Plan Integral de Gesti\u00f3n Estrat\u00e9gica de la Calidad del Aire.En [&hellip;]<\/p>\n","protected":false},"author":7,"featured_media":41099,"comment_status":"closed","ping_status":"closed","sticky":false,"template":"","format":"standard","meta":{"footnotes":""},"categories":[17],"tags":[124,2600,1758,4195,4220],"class_list":["post-41100","post","type-post","status-publish","format-standard","has-post-thumbnail","hentry","category-locales-cadereyta","tag-amlo","tag-cadereyta","tag-pemex","tag-presidente","tag-refineria"],"_links":{"self":[{"href":"https:\/\/laultimapalabra.com.mx\/portal\/wp-json\/wp\/v2\/posts\/41100","targetHints":{"allow":["GET"]}}],"collection":[{"href":"https:\/\/laultimapalabra.com.mx\/portal\/wp-json\/wp\/v2\/posts"}],"about":[{"href":"https:\/\/laultimapalabra.com.mx\/portal\/wp-json\/wp\/v2\/types\/post"}],"author":[{"embeddable":true,"href":"https:\/\/laultimapalabra.com.mx\/portal\/wp-json\/wp\/v2\/users\/7"}],"replies":[{"embeddable":true,"href":"https:\/\/laultimapalabra.com.mx\/portal\/wp-json\/wp\/v2\/comments?post=41100"}],"version-history":[{"count":2,"href":"https:\/\/laultimapalabra.com.mx\/portal\/wp-json\/wp\/v2\/posts\/41100\/revisions"}],"predecessor-version":[{"id":82564,"href":"https:\/\/laultimapalabra.com.mx\/portal\/wp-json\/wp\/v2\/posts\/41100\/revisions\/82564"}],"wp:featuredmedia":[{"embeddable":true,"href":"https:\/\/laultimapalabra.com.mx\/portal\/wp-json\/wp\/v2\/media\/41099"}],"wp:attachment":[{"href":"https:\/\/laultimapalabra.com.mx\/portal\/wp-json\/wp\/v2\/media?parent=41100"}],"wp:term":[{"taxonomy":"category","embeddable":true,"href":"https:\/\/laultimapalabra.com.mx\/portal\/wp-json\/wp\/v2\/categories?post=41100"},{"taxonomy":"post_tag","embeddable":true,"href":"https:\/\/laultimapalabra.com.mx\/portal\/wp-json\/wp\/v2\/tags?post=41100"}],"curies":[{"name":"wp","href":"https:\/\/api.w.org\/{rel}","templated":true}]}}