                       {"id":41107,"date":"2023-05-12T14:35:36","date_gmt":"2023-05-12T20:35:36","guid":{"rendered":"https:\/\/laultimapalabra.com.mx\/portal\/?p=41107"},"modified":"2024-12-11T10:42:01","modified_gmt":"2024-12-11T16:42:01","slug":"denuncia-gustavo-petro-amenaza-de-golpe-de-estado-en-colombia","status":"publish","type":"post","link":"https:\/\/laultimapalabra.com.mx\/portal\/denuncia-gustavo-petro-amenaza-de-golpe-de-estado-en-colombia\/","title":{"rendered":"Denuncia Gustavo Petro amenaza de golpe de Estado en Colombia"},"content":{"rendered":"<p>Bogot\u00e1.- El presidente de Colombia, Gustavo Petro, denunci\u00f3 ayer la existencia de algunos sectores que buscan provocar una \u201cruptura constitucional\u201d, luego de que el ex director de la Asociaci\u00f3n de Oficiales Retirados de las Fuerzas Armadas (Acore), John Marulanda, dijo que, como en Per\u00fa, los efectivos en reserva van a hacer \u201clo mejor por defenestrar a un tipo que fue guerrillero\u201d, en alusi\u00f3n al mandatario.<\/p>\n<p>En declaraciones a la emisora W Radio, Marulanda se\u00f1al\u00f3 que Colombia sigue los pasos de Per\u00fa, donde las reservas de las fuerzas militares lograron \u201cdefenestrar\u201d al presidente Pedro Castillo, al comentar una protesta contra Petro, un ex guerrillero del M-19, efectuada el lunes por militares en retiro, informaron medios colombianos.<\/p>\n<p>Al participar en un acto de entrega de tierras a campesinos en Sucre (norte), el mandatario colombiano advirti\u00f3 que \u201clos golpes de Estado se resisten y se vencen con la movilizaci\u00f3n del pueblo\u201d.<\/p>\n<p>Asever\u00f3: \u201cla causa es la democracia, no pensar que porque alguien gan\u00f3 con la voluntad del pueblo y es diferente a como se piensa, entonces hay que, \u00a1qu\u00e9 palabra tan triste!, defenestrarlo, darle golpe de Estado; como si nosotros fu\u00e9ramos pendejos, como si fu\u00e9ramos bobos\u201d.<\/p>\n<p>A la pregunta de si se politiza la fuerza p\u00fablica, Marulanda respondi\u00f3: \u201cYo creo que Colombia est\u00e1 siguiendo los pasos de Per\u00fa, y yo creo que en Per\u00fa las reservas fueron exitosas en el sentido de que all\u00e1 lograron defenestrar a un presidente corrupto, aqu\u00ed vamos a tratar de hacer lo mejor por defenestrar a un tipo que fue guerrillero, y no hablo como presidente de Acore, hablo como un miembro m\u00e1s de la reserva, que en sus funciones cumple con sus tareas\u201d.<\/p>\n<p>Al preguntarle qu\u00e9 quiso decir con \u201cdefenestrar al presidente\u201d, Marulanda se retract\u00f3 e indic\u00f3: \u201chabl\u00e9 de la primera persona del presidente de Per\u00fa, de Castillo, no me refer\u00eda al presidente de Colombia\u201d.<\/p>\n<p>Petro se\u00f1al\u00f3 que el destino de Colombia no es un golpe de Estado.<\/p>\n<p>\u201cNo, ese no es el destino de Colombia. \u00a1Que se queden con sus nostalgias del pasado! \u00a1Que se queden all\u00e1, pensando que la seguridad consiste en que un mafioso se abrace con un senador mientras hace la lista de los que van a asesinar en la noche!\u201d, dijo.<\/p>\n<p>Despu\u00e9s, el mandatario tuite\u00f3: \u201c\u00bfPor qu\u00e9 conspiran para un golpe de Estado? Porque les aterroriza que acabemos la impunidad. La verdad los acobarda tanto que van al desespero. Ocultan judicialmente lo que ya la sociedad sabe: la corrupci\u00f3n enorme en el Estado y el genocidio, la violencia y el terror desatados sobre el pueblo, son dos caras de la misma moneda\u201d.<\/p>\n<p>Esta semana se celebran audiencias p\u00fablicas ante la Jurisdicci\u00f3n Especial de la Paz (JEP), donde el ex l\u00edder de las paramilitares Autodefensa Unidas de Colombia (AUC), Salvatore Mancuso, encarcelado en Estados Unidos, reconoci\u00f3 que las operaciones para exterminar comandos guerrilleros se hac\u00edan en coordinaci\u00f3n con las fuerzas militares colombianas.<\/p>\n<p>Petro consider\u00f3 que \u201ctoda la verdad\u201d sobre los conflictos en el pa\u00eds debe conocerse, pero dijo que es consciente de lo \u201cpeligroso\u201d que es alcanzar la paz y acabar con la impunidad. \u201cS\u00e9 que un camino tranquilo podr\u00eda abrirse con la justicia transicional, que hoy es atacada. La presidencia tiene como pol\u00edtica de seguridad la paz y tambi\u00e9n ser\u00e1 atacada por todos los extremos. Colombia debe abrir la avenida de la paz que no es m\u00e1s que la de la justicia social y la democracia\u201d, agreg\u00f3.<\/p>\n<p>FUENTE : LA JORNADA<\/p>\n","protected":false},"excerpt":{"rendered":"<p>Bogot\u00e1.- El presidente de Colombia, Gustavo Petro, denunci\u00f3 ayer la existencia de algunos sectores que buscan provocar una \u201cruptura constitucional\u201d, luego de que el ex director de la Asociaci\u00f3n de Oficiales Retirados de las Fuerzas Armadas (Acore), John Marulanda, dijo que, como en Per\u00fa, los efectivos en reserva van a hacer \u201clo mejor por defenestrar [&hellip;]<\/p>\n","protected":false},"author":9,"featured_media":41108,"comment_status":"closed","ping_status":"closed","sticky":false,"template":"","format":"standard","meta":{"footnotes":""},"categories":[16],"tags":[5634,7242,7240,7241,5859],"class_list":["post-41107","post","type-post","status-publish","format-standard","has-post-thumbnail","hentry","category-internacional","tag-colombia","tag-golpedestado","tag-gustavopetro","tag-marulanda","tag-ultimas-noticias"],"_links":{"self":[{"href":"https:\/\/laultimapalabra.com.mx\/portal\/wp-json\/wp\/v2\/posts\/41107","targetHints":{"allow":["GET"]}}],"collection":[{"href":"https:\/\/laultimapalabra.com.mx\/portal\/wp-json\/wp\/v2\/posts"}],"about":[{"href":"https:\/\/laultimapalabra.com.mx\/portal\/wp-json\/wp\/v2\/types\/post"}],"author":[{"embeddable":true,"href":"https:\/\/laultimapalabra.com.mx\/portal\/wp-json\/wp\/v2\/users\/9"}],"replies":[{"embeddable":true,"href":"https:\/\/laultimapalabra.com.mx\/portal\/wp-json\/wp\/v2\/comments?post=41107"}],"version-history":[{"count":2,"href":"https:\/\/laultimapalabra.com.mx\/portal\/wp-json\/wp\/v2\/posts\/41107\/revisions"}],"predecessor-version":[{"id":82568,"href":"https:\/\/laultimapalabra.com.mx\/portal\/wp-json\/wp\/v2\/posts\/41107\/revisions\/82568"}],"wp:featuredmedia":[{"embeddable":true,"href":"https:\/\/laultimapalabra.com.mx\/portal\/wp-json\/wp\/v2\/media\/41108"}],"wp:attachment":[{"href":"https:\/\/laultimapalabra.com.mx\/portal\/wp-json\/wp\/v2\/media?parent=41107"}],"wp:term":[{"taxonomy":"category","embeddable":true,"href":"https:\/\/laultimapalabra.com.mx\/portal\/wp-json\/wp\/v2\/categories?post=41107"},{"taxonomy":"post_tag","embeddable":true,"href":"https:\/\/laultimapalabra.com.mx\/portal\/wp-json\/wp\/v2\/tags?post=41107"}],"curies":[{"name":"wp","href":"https:\/\/api.w.org\/{rel}","templated":true}]}}