                       {"id":41110,"date":"2023-05-12T14:44:04","date_gmt":"2023-05-12T20:44:04","guid":{"rendered":"https:\/\/laultimapalabra.com.mx\/portal\/?p=41110"},"modified":"2024-12-11T10:42:01","modified_gmt":"2024-12-11T16:42:01","slug":"gerardo-torres-renteria-excorresponsal-de-reuters-es-asesinado-en-acapulco","status":"publish","type":"post","link":"https:\/\/laultimapalabra.com.mx\/portal\/gerardo-torres-renteria-excorresponsal-de-reuters-es-asesinado-en-acapulco\/","title":{"rendered":"Gerardo Torres Renter\u00eda, excorresponsal de Reuters, es asesinado en Acapulco"},"content":{"rendered":"<p>Ciudad de M\u00e9xico.\u2013 El periodista Gerardo Torres Renter\u00eda fue asesinado a balazos, por un grupo de hombres armados, la noche del 11 de mayo de 2023, dentro de su domicilio particular, ubicado en la calle 2, de la colonia Icacos, a unos metros de la avenida Costera Miguel Alem\u00e1n y de la entrada principal de las instalaciones de la Octava Regi\u00f3n Naval, en Acapulco, Guerrero.<\/p>\n<p>El reportero, de 59 a\u00f1os de edad, recibi\u00f3 al menos tres impactos de bala. Sus agresores huyeron. Torres Renter\u00eda fue, durante algunos a\u00f1os, corresponsal de la cadena estadounidense Telemundo, as\u00ed como de la agencia brit\u00e1nica Reuters y de TV Azteca.<\/p>\n<p>M\u00e9xico es el pa\u00eds, de los que no tienen conflictos b\u00e9licos, donde m\u00e1s comunicadores fallecieron ejerciendo su profesi\u00f3n durante 2022, con 11 reporteros asesinados, seg\u00fan un reporte publicado, el 9 de diciembre de 2022, por la Federaci\u00f3n Internacional de Periodistas (IFJ, por sus siglas en ingl\u00e9s).<\/p>\n<p>La organizaci\u00f3n no gubernamental, fundada en 1926 y con sede en Par\u00eds, Francia, concluy\u00f3 que la guerra de Rusia en Ucrania y el aumento de la violencia por los grupos criminales en M\u00e9xico, contribuy\u00f3 a que el n\u00famero de periodistas asesinados mientras realizaban su trabajo en 2022 aumentara en un 30 por ciento con respecto al a\u00f1o anterior.<\/p>\n<p>La IFJ dijo que, en lo que va de a\u00f1o, 67 reporteros y trabajadores de medios de comunicaci\u00f3n murieron ejerciendo su labor en todo el mundo, frente a los 47 que fallecieron durante el 2021.<\/p>\n<p>La guerra en Ucrania es responsable de 12 asesinatos de periodistas, la cifra m\u00e1s elevada de los 21 pa\u00edses en los que se han registrado incidentes mortales en lo que va de 2023, afirm\u00f3 la ONG.<\/p>\n<p>FUENTE: SIN EMBARGO MX<\/p>\n","protected":false},"excerpt":{"rendered":"<p>Ciudad de M\u00e9xico.\u2013 El periodista Gerardo Torres Renter\u00eda fue asesinado a balazos, por un grupo de hombres armados, la noche del 11 de mayo de 2023, dentro de su domicilio particular, ubicado en la calle 2, de la colonia Icacos, a unos metros de la avenida Costera Miguel Alem\u00e1n y de la entrada principal de [&hellip;]<\/p>\n","protected":false},"author":9,"featured_media":41111,"comment_status":"closed","ping_status":"closed","sticky":false,"template":"","format":"standard","meta":{"footnotes":""},"categories":[19],"tags":[7245,7243,7244,5859],"class_list":["post-41110","post","type-post","status-publish","format-standard","has-post-thumbnail","hentry","category-nacional","tag-excorresponsaldereuters","tag-gerardotorresrenteria","tag-periodistaasesinado","tag-ultimas-noticias"],"_links":{"self":[{"href":"https:\/\/laultimapalabra.com.mx\/portal\/wp-json\/wp\/v2\/posts\/41110","targetHints":{"allow":["GET"]}}],"collection":[{"href":"https:\/\/laultimapalabra.com.mx\/portal\/wp-json\/wp\/v2\/posts"}],"about":[{"href":"https:\/\/laultimapalabra.com.mx\/portal\/wp-json\/wp\/v2\/types\/post"}],"author":[{"embeddable":true,"href":"https:\/\/laultimapalabra.com.mx\/portal\/wp-json\/wp\/v2\/users\/9"}],"replies":[{"embeddable":true,"href":"https:\/\/laultimapalabra.com.mx\/portal\/wp-json\/wp\/v2\/comments?post=41110"}],"version-history":[{"count":2,"href":"https:\/\/laultimapalabra.com.mx\/portal\/wp-json\/wp\/v2\/posts\/41110\/revisions"}],"predecessor-version":[{"id":82570,"href":"https:\/\/laultimapalabra.com.mx\/portal\/wp-json\/wp\/v2\/posts\/41110\/revisions\/82570"}],"wp:featuredmedia":[{"embeddable":true,"href":"https:\/\/laultimapalabra.com.mx\/portal\/wp-json\/wp\/v2\/media\/41111"}],"wp:attachment":[{"href":"https:\/\/laultimapalabra.com.mx\/portal\/wp-json\/wp\/v2\/media?parent=41110"}],"wp:term":[{"taxonomy":"category","embeddable":true,"href":"https:\/\/laultimapalabra.com.mx\/portal\/wp-json\/wp\/v2\/categories?post=41110"},{"taxonomy":"post_tag","embeddable":true,"href":"https:\/\/laultimapalabra.com.mx\/portal\/wp-json\/wp\/v2\/tags?post=41110"}],"curies":[{"name":"wp","href":"https:\/\/api.w.org\/{rel}","templated":true}]}}