                       {"id":41204,"date":"2023-05-15T15:17:20","date_gmt":"2023-05-15T21:17:20","guid":{"rendered":"https:\/\/laultimapalabra.com.mx\/portal\/?p=41204"},"modified":"2024-12-11T10:43:51","modified_gmt":"2024-12-11T16:43:51","slug":"el-sector-educativo-recibe-aumento-de-8-2-promedio-y-nadie-ganara-menos-de-16-mil","status":"publish","type":"post","link":"https:\/\/laultimapalabra.com.mx\/portal\/el-sector-educativo-recibe-aumento-de-8-2-promedio-y-nadie-ganara-menos-de-16-mil\/","title":{"rendered":"El sector educativo recibe aumento de 8.2% promedio y nadie ganar\u00e1 menos de 16 mil"},"content":{"rendered":"<p>Ciudad de M\u00e9xico.\u2013 El Presidente Andr\u00e9s Manuel L\u00f3pez Obrador inform\u00f3 este lunes, en el D\u00eda del Maestro, que, de manera retroactiva, desde enero de este a\u00f1o aplicar\u00e1 un aumento al salario de maestras, maestros y trabajadores del sector educativo del 8.2 por ciento en promedio, y adem\u00e1s ning\u00fan profesor ganar\u00e1 menos de 16 mil pesos al mes, que es el promedio de los trabajadores registrados en el Seguro Social.<\/p>\n<p>\u201cDe manera retroactiva, desde enero pasado, aplicar\u00e1 un aumento al sueldo de maestras y todos los que laboran en el sector educativo, de 8.2 por ciento en promedio, es lo que considero m\u00e1s importante\u201d, dijo el mandatario en su conferencia matutina.<\/p>\n<p>\u201cAdem\u00e1s, ning\u00fan maestro ganar\u00e1 menos de 16 mil pesos mensuales, que es el promedio que obtienen actualmente los trabajadores inscritos en el Seguro Social\u201d, a\u00f1adi\u00f3.<\/p>\n<p>Asimismo, reiter\u00f3 que su Gobierno tiene el compromiso de mejorar condiciones salarial y prestaciones de todos los trabajadores de la educaci\u00f3n.<\/p>\n<p>Expreso: &#8220;Se han basificado a mas de 800 mil trabajadores de la educaci\u00f3n y vamos a continuar basificando a maestros\u201d, indic\u00f3.<\/p>\n<p>\u201cTomamos la decisi\u00f3n de que el m\u00ednimo para un maestro siempre sea el del promedio de lo que ganan los trabajadores en nuestro pa\u00eds. El aumento en general y esta decisi\u00f3n implicar\u00e1 que destinemos 42 mil millones de pesos adicionales al presupuesto, al fortalecimiento de la educaci\u00f3n publica en el pa\u00eds: no es un gasto, es una inversi\u00f3n\u201d, expres\u00f3 L\u00f3pez Obrador.<\/p>\n<p>El Presidente presumi\u00f3 que hay 12 millones 200 mil estudiantes de familias pobres desde preescolar hasta posgrado \u201ca quienes se les otorgan becas, con una inversi\u00f3n anual de 96 mil 773 millones de pesos, casi 100 mil este a\u00f1o, para becas a estudiantes de familias pobres, como nunca hab\u00eda sucedido en la historia de M\u00e9xico\u201d.<\/p>\n<p>Tambi\u00e9n presumi\u00f3 el programa \u201cLa escuela es nuestra\u201d, donde las Sociedades de madres y padres de familia de 113 mil 243 escuelas p\u00fablicas han recibido en su conjunto \u201c66 mil 345 millones de pesos para el mejoramiento de las instalaciones educativas\u201d.<\/p>\n<p>&#8220;Se les da dinero para el mantenimiento, nunca se les hab\u00eda dado. Con esto estamos atendiendo el 66 por ciento de todas las escuelas del nivel b\u00e1sico del pa\u00eds, espero que antes de que culmine mi Gobierno sea el 100 por ciento\u201d, dijo el Presidente.<\/p>\n<p>Por otra parte, adelant\u00f3 que los libros de texto del pr\u00f3ximo ciclo escolar ya est\u00e1n en proceso de elaboraci\u00f3n.<\/p>\n<p>\u201cSon 115 millones 343 mil ejemplares, de preescolar, primaria y secundaria, libros para los maestros y otros t\u00edtulos\u201d.<\/p>\n<p>FUENTE: LA JORNADA<\/p>\n","protected":false},"excerpt":{"rendered":"<p>Ciudad de M\u00e9xico.\u2013 El Presidente Andr\u00e9s Manuel L\u00f3pez Obrador inform\u00f3 este lunes, en el D\u00eda del Maestro, que, de manera retroactiva, desde enero de este a\u00f1o aplicar\u00e1 un aumento al salario de maestras, maestros y trabajadores del sector educativo del 8.2 por ciento en promedio, y adem\u00e1s ning\u00fan profesor ganar\u00e1 menos de 16 mil pesos [&hellip;]<\/p>\n","protected":false},"author":9,"featured_media":41205,"comment_status":"closed","ping_status":"closed","sticky":false,"template":"","format":"standard","meta":{"footnotes":""},"categories":[19],"tags":[7275,3579,124,7274,7273,5859],"class_list":["post-41204","post","type-post","status-publish","format-standard","has-post-thumbnail","hentry","category-nacional","tag-2porcientode-aumento","tag-3579","tag-amlo","tag-aumentosalarial","tag-diadelmaestro","tag-ultimas-noticias"],"_links":{"self":[{"href":"https:\/\/laultimapalabra.com.mx\/portal\/wp-json\/wp\/v2\/posts\/41204","targetHints":{"allow":["GET"]}}],"collection":[{"href":"https:\/\/laultimapalabra.com.mx\/portal\/wp-json\/wp\/v2\/posts"}],"about":[{"href":"https:\/\/laultimapalabra.com.mx\/portal\/wp-json\/wp\/v2\/types\/post"}],"author":[{"embeddable":true,"href":"https:\/\/laultimapalabra.com.mx\/portal\/wp-json\/wp\/v2\/users\/9"}],"replies":[{"embeddable":true,"href":"https:\/\/laultimapalabra.com.mx\/portal\/wp-json\/wp\/v2\/comments?post=41204"}],"version-history":[{"count":2,"href":"https:\/\/laultimapalabra.com.mx\/portal\/wp-json\/wp\/v2\/posts\/41204\/revisions"}],"predecessor-version":[{"id":82625,"href":"https:\/\/laultimapalabra.com.mx\/portal\/wp-json\/wp\/v2\/posts\/41204\/revisions\/82625"}],"wp:featuredmedia":[{"embeddable":true,"href":"https:\/\/laultimapalabra.com.mx\/portal\/wp-json\/wp\/v2\/media\/41205"}],"wp:attachment":[{"href":"https:\/\/laultimapalabra.com.mx\/portal\/wp-json\/wp\/v2\/media?parent=41204"}],"wp:term":[{"taxonomy":"category","embeddable":true,"href":"https:\/\/laultimapalabra.com.mx\/portal\/wp-json\/wp\/v2\/categories?post=41204"},{"taxonomy":"post_tag","embeddable":true,"href":"https:\/\/laultimapalabra.com.mx\/portal\/wp-json\/wp\/v2\/tags?post=41204"}],"curies":[{"name":"wp","href":"https:\/\/api.w.org\/{rel}","templated":true}]}}