                       {"id":41295,"date":"2023-05-17T16:08:47","date_gmt":"2023-05-17T22:08:47","guid":{"rendered":"https:\/\/laultimapalabra.com.mx\/portal\/?p=41295"},"modified":"2024-12-11T10:43:52","modified_gmt":"2024-12-11T16:43:52","slug":"guillermo-lasso-disuelve-asamblea-nacional-pone-fin-a-juicio-politico","status":"publish","type":"post","link":"https:\/\/laultimapalabra.com.mx\/portal\/guillermo-lasso-disuelve-asamblea-nacional-pone-fin-a-juicio-politico\/","title":{"rendered":"Guillermo Lasso disuelve Asamblea Nacional; pone fin a juicio pol\u00edtico"},"content":{"rendered":"<p>Quito.- El presidente ecuatoriano, Guillermo Lasso, disolvi\u00f3 este mi\u00e9rcoles la Asamblea Nacional y puso fin as\u00ed al juicio pol\u00edtico que estaba en marcha con la intenci\u00f3n de destituirlo.<\/p>\n<p>Con la disoluci\u00f3n del Parlamento, Lasso podr\u00e1 gobernar hasta por seis meses por decreto con el control de la Corte Constitucional.<\/p>\n<p>En una cadena de radio y televisi\u00f3n Lasso asegur\u00f3 que todos los esfuerzos del Poder Legislativo est\u00e1n enfocados en desestabilizar al gobierno.<\/p>\n<p>Argument\u00f3 que esta es una decisi\u00f3n democr\u00e1tica no s\u00f3lo porque es constitucional sino porque le devuelve al pueblo ecuatoriano el poder de decidir su futuro en las pr\u00f3ximas elecciones.<\/p>\n<p>Lasso deber\u00e1 convocar elecciones presidenciales y legislativas.<\/p>\n<p>Los ganadores de estos comicios completar\u00e1n el actual periodo presidencial y legislativo que termina en mayo de 2025.<\/p>\n<p>En una conferencia de prensa posterior, el jefe del Comando Conjunto de las Fuerzas Armadas, general Nelson Proa\u00f1o, expres\u00f3 su apoyo al orden constituido en una aparente aprobaci\u00f3n a la decisi\u00f3n del mandatario.<\/p>\n<p>A su vez, convoc\u00f3 a los ecuatorianos a mantener un clima de respeto a la ley y advirti\u00f3 que no se permitir\u00e1 la ruptura del orden constitucional a trav\u00e9s de la violencia y que, en ese caso, las Fuerzas Armadas y la polic\u00eda actuar\u00e1n con firmeza para proteger la vida, los derechos y garant\u00edas.<\/p>\n<p>La disoluci\u00f3n se produjo en momentos en que la Asamblea, dominada por una coalici\u00f3n integrada por el partido Uni\u00f3n por la Esperanza (UNES) del ex presidente Rafael Correa (2007-2017), el Partido Social Cristiano y el de los ind\u00edgenas Pachakutik llevaban adelante un juicio pol\u00edtico a Lasso por supuesta malversaci\u00f3n de fondos.<\/p>\n<p>El presidente ha mantenido una mala relaci\u00f3n con el Legislativo, a cuyos integrantes ha acusado de haberle pedido cargos estatales, el manejo de instituciones p\u00fablicas como hospitales y hasta dinero en efectivo a cambio de votos.<\/p>\n<p>La situaci\u00f3n se mantiene en aparente calma en las calles y a\u00fan no se conoce ning\u00fan pronunciamiento de la Confederaci\u00f3n de Nacionalidades Ind\u00edgenas, que en los \u00faltimos a\u00f1os ha realizado movilizaciones y protestas que virtualmente paralizaron al pa\u00eds.<\/p>\n<p>Ahora el Consejo Nacional Electoral deber\u00e1 convocar elecciones presidenciales y parlamentarias, que deber\u00e1n cumplirse en un plazo m\u00e1ximo de 90 d\u00edas.<\/p>\n<p>El analista jur\u00eddico Ramiro Aguilar indic\u00f3 a Ap que \u201ceste es un mecanismo plenamente constitucional\u201d y que la medida ayuda a destrabar la disputa entre el gobierno y la Asamblea.<\/p>\n<p>Seg\u00fan establece la normativa, la Asamblea Nacional deber\u00e1 cerrar f\u00edsicamente sus instalaciones y \u00fanicamente su administrador general estar\u00e1 habilitado para mantener en operaci\u00f3n al personal permanente mientras el resto de los contratos provisionales quedar\u00e1n sin efecto.<\/p>\n<p>El presidente podr\u00e1 ordenar el uso de la fuerza p\u00fablica para el resguardo del Palacio Legislativo.<\/p>\n<p>Lasso, que tiene apenas 25 asamble\u00edstas de un total de 137, est\u00e1 en el poder desde mayo de 2021 y fue elegido para un per\u00edodo de cuatro a\u00f1os.<\/p>\n<p>FUENTE: LA JORNADA<\/p>\n","protected":false},"excerpt":{"rendered":"<p>Quito.- El presidente ecuatoriano, Guillermo Lasso, disolvi\u00f3 este mi\u00e9rcoles la Asamblea Nacional y puso fin as\u00ed al juicio pol\u00edtico que estaba en marcha con la intenci\u00f3n de destituirlo. Con la disoluci\u00f3n del Parlamento, Lasso podr\u00e1 gobernar hasta por seis meses por decreto con el control de la Corte Constitucional. En una cadena de radio y [&hellip;]<\/p>\n","protected":false},"author":9,"featured_media":41297,"comment_status":"closed","ping_status":"closed","sticky":false,"template":"","format":"standard","meta":{"footnotes":""},"categories":[16],"tags":[7318,5908,7317,7319,5859],"class_list":["post-41295","post","type-post","status-publish","format-standard","has-post-thumbnail","hentry","category-internacional","tag-disuelveasamblea","tag-ecuador","tag-lasso","tag-nohabrajuiciopolitico","tag-ultimas-noticias"],"_links":{"self":[{"href":"https:\/\/laultimapalabra.com.mx\/portal\/wp-json\/wp\/v2\/posts\/41295","targetHints":{"allow":["GET"]}}],"collection":[{"href":"https:\/\/laultimapalabra.com.mx\/portal\/wp-json\/wp\/v2\/posts"}],"about":[{"href":"https:\/\/laultimapalabra.com.mx\/portal\/wp-json\/wp\/v2\/types\/post"}],"author":[{"embeddable":true,"href":"https:\/\/laultimapalabra.com.mx\/portal\/wp-json\/wp\/v2\/users\/9"}],"replies":[{"embeddable":true,"href":"https:\/\/laultimapalabra.com.mx\/portal\/wp-json\/wp\/v2\/comments?post=41295"}],"version-history":[{"count":2,"href":"https:\/\/laultimapalabra.com.mx\/portal\/wp-json\/wp\/v2\/posts\/41295\/revisions"}],"predecessor-version":[{"id":82675,"href":"https:\/\/laultimapalabra.com.mx\/portal\/wp-json\/wp\/v2\/posts\/41295\/revisions\/82675"}],"wp:featuredmedia":[{"embeddable":true,"href":"https:\/\/laultimapalabra.com.mx\/portal\/wp-json\/wp\/v2\/media\/41297"}],"wp:attachment":[{"href":"https:\/\/laultimapalabra.com.mx\/portal\/wp-json\/wp\/v2\/media?parent=41295"}],"wp:term":[{"taxonomy":"category","embeddable":true,"href":"https:\/\/laultimapalabra.com.mx\/portal\/wp-json\/wp\/v2\/categories?post=41295"},{"taxonomy":"post_tag","embeddable":true,"href":"https:\/\/laultimapalabra.com.mx\/portal\/wp-json\/wp\/v2\/tags?post=41295"}],"curies":[{"name":"wp","href":"https:\/\/api.w.org\/{rel}","templated":true}]}}