                       {"id":41360,"date":"2023-05-18T15:13:39","date_gmt":"2023-05-18T21:13:39","guid":{"rendered":"https:\/\/laultimapalabra.com.mx\/portal\/?p=41360"},"modified":"2024-12-11T10:43:53","modified_gmt":"2024-12-11T16:43:53","slug":"cofepris-cancela-registro-sanitario-a-redotex-medicamento-usado-para-bajar-de-peso","status":"publish","type":"post","link":"https:\/\/laultimapalabra.com.mx\/portal\/cofepris-cancela-registro-sanitario-a-redotex-medicamento-usado-para-bajar-de-peso\/","title":{"rendered":"Cofepris cancela registro sanitario a Redotex, medicamento usado para bajar de peso"},"content":{"rendered":"<p>Ciudad de M\u00e9xico.- La Comisi\u00f3n Federal para la Protecci\u00f3n contra Riesgos Sanitarios (Cofepris) anunci\u00f3 la ma\u00f1ana de este jueves la cancelaci\u00f3n del registro de Redotex, pues lo consider\u00f3 como un producto de \u201criesgo claro y latente\u201d a la salud.<\/p>\n<p>En conferencia de prensa, Alejandro Svarch expuso que el medicamento ha sido recetado y usado principalmente de forma err\u00f3nea para bajar de peso, ya que desde hace casi 25 a\u00f1os cuenta con m\u00e1s de 800 reportes de da\u00f1o a la salud.<\/p>\n<p>El funcionario expuso que existen 827 reportes de pacientes por reacciones adversas, como insomnio, taquicardia, depresi\u00f3n, alucinaciones auditivas y visuales, ansiedad, tirotoxicosis, entre otras.<\/p>\n<p>Por su parte, Bertha Alcalde Luj\u00e1n, Comisionada de Operaci\u00f3n Sanitaria de la Cofepris, dijo en su participaci\u00f3n, que el modus operandi de la distribuci\u00f3n del medicamento fue derivado de una red de corrupci\u00f3n, donde hay un entramado de farmacias y consultorios para la venta del medicamento, as\u00ed como una prescripci\u00f3n masiva de medicamento con recetas prellenadas, acompa\u00f1ado del soborno a las autoridades.<\/p>\n<p>Cofepris cuenta con suficientes elementos para prohibirlo. Funcionarios del pasado aprovecharon su influyentismo para mantenerlo en el mercado, siendo el siguiente paso la judicializaci\u00f3n de esto.<\/p>\n<p>FUENTE: REDACCI\u00d3N\/ SIN EMBARGO<\/p>\n","protected":false},"excerpt":{"rendered":"<p>Ciudad de M\u00e9xico.- La Comisi\u00f3n Federal para la Protecci\u00f3n contra Riesgos Sanitarios (Cofepris) anunci\u00f3 la ma\u00f1ana de este jueves la cancelaci\u00f3n del registro de Redotex, pues lo consider\u00f3 como un producto de \u201criesgo claro y latente\u201d a la salud. En conferencia de prensa, Alejandro Svarch expuso que el medicamento ha sido recetado y usado principalmente [&hellip;]<\/p>\n","protected":false},"author":9,"featured_media":41362,"comment_status":"closed","ping_status":"closed","sticky":false,"template":"","format":"standard","meta":{"footnotes":""},"categories":[19],"tags":[6096,7356,7355,7354,5859],"class_list":["post-41360","post","type-post","status-publish","format-standard","has-post-thumbnail","hentry","category-nacional","tag-cofepris","tag-prohibido","tag-reaccionesadversas","tag-redotex","tag-ultimas-noticias"],"_links":{"self":[{"href":"https:\/\/laultimapalabra.com.mx\/portal\/wp-json\/wp\/v2\/posts\/41360","targetHints":{"allow":["GET"]}}],"collection":[{"href":"https:\/\/laultimapalabra.com.mx\/portal\/wp-json\/wp\/v2\/posts"}],"about":[{"href":"https:\/\/laultimapalabra.com.mx\/portal\/wp-json\/wp\/v2\/types\/post"}],"author":[{"embeddable":true,"href":"https:\/\/laultimapalabra.com.mx\/portal\/wp-json\/wp\/v2\/users\/9"}],"replies":[{"embeddable":true,"href":"https:\/\/laultimapalabra.com.mx\/portal\/wp-json\/wp\/v2\/comments?post=41360"}],"version-history":[{"count":2,"href":"https:\/\/laultimapalabra.com.mx\/portal\/wp-json\/wp\/v2\/posts\/41360\/revisions"}],"predecessor-version":[{"id":82717,"href":"https:\/\/laultimapalabra.com.mx\/portal\/wp-json\/wp\/v2\/posts\/41360\/revisions\/82717"}],"wp:featuredmedia":[{"embeddable":true,"href":"https:\/\/laultimapalabra.com.mx\/portal\/wp-json\/wp\/v2\/media\/41362"}],"wp:attachment":[{"href":"https:\/\/laultimapalabra.com.mx\/portal\/wp-json\/wp\/v2\/media?parent=41360"}],"wp:term":[{"taxonomy":"category","embeddable":true,"href":"https:\/\/laultimapalabra.com.mx\/portal\/wp-json\/wp\/v2\/categories?post=41360"},{"taxonomy":"post_tag","embeddable":true,"href":"https:\/\/laultimapalabra.com.mx\/portal\/wp-json\/wp\/v2\/tags?post=41360"}],"curies":[{"name":"wp","href":"https:\/\/api.w.org\/{rel}","templated":true}]}}