                       {"id":41428,"date":"2023-05-19T16:30:18","date_gmt":"2023-05-19T22:30:18","guid":{"rendered":"https:\/\/laultimapalabra.com.mx\/portal\/?p=41428"},"modified":"2024-12-11T10:43:53","modified_gmt":"2024-12-11T16:43:53","slug":"petro-corrige-no-han-sido-localizados-los-ninos-tras-el-avionazo","status":"publish","type":"post","link":"https:\/\/laultimapalabra.com.mx\/portal\/petro-corrige-no-han-sido-localizados-los-ninos-tras-el-avionazo\/","title":{"rendered":"Petro corrige: no han sido localizados los ni\u00f1os tras el avionazo"},"content":{"rendered":"<p>Bogot\u00e1.- El presidente de Colombia, Gustavo Petro, se retract\u00f3 ayer de su anuncio sobre el rescate de cuatro ni\u00f1os ind\u00edgenas, que al parecer sobrevivieron a un accidente a\u00e9reo y dijo que contin\u00faan perdidos en las selvas del sureste de Colombia<\/p>\n<p>Los menores viajaban en un avi\u00f3n monomotor Cessna 206 que se precipit\u00f3 a tierra en el departamento del Caquet\u00e1, cuando cubr\u00eda la ruta entre Araracuara, en el departamento del Amazonas, y la ciudad de San Jos\u00e9 del Guaviare, el pasado d\u00eda primero.<\/p>\n<p>&#8220;La informaci\u00f3n entregada por el Instituto Colombiano de Bienestar Familiar no ha podido ser confirmada. Lamento lo sucedido&#8221;, dijo Petro en su cuenta de Twitter, en la que borr\u00f3 un mensaje de antier reportando el rescate con vida de los cuatro ni\u00f1os.<\/p>\n<p>\u201cLas fuerzas militares y las comunidades ind\u00edgenas continuar\u00e1n en su b\u00fasqueda incansable para darle al pa\u00eds la noticia que est\u00e1 esperando\u201d, asegur\u00f3 el mandatario.<\/p>\n<p>\u201cEn este momento no hay otra prioridad diferente a la de avanzar con la b\u00fasqueda hasta encontrarlos. La vida de los ni\u00f1os es lo m\u00e1s importante&#8221;.<\/p>\n<p>La aeronave, con siete ocupantes, se declar\u00f3 en emergencia en horas de la ma\u00f1ana del primero de mayo, por una aparente falla en el motor.<\/p>\n<p>Los tres adultos que viajaban en el avi\u00f3n, incluido el piloto, murieron y sus cuerpos fueron encontrados en el interior de la aeronave, aunque los cuatro menores de 13, 9 y 4 a\u00f1os, as\u00ed como un beb\u00e9 de 11 meses, al parecer sobrevivieron al impacto.<\/p>\n<p>Las informaciones preliminares de la Aeron\u00e1utica Civil, que coordina las labores de salvamento en forma ininterrumpida pese a las dificultades clim\u00e1ticas, indican que los ni\u00f1os salieron del avi\u00f3n y comenzaron a caminar en busca de ayuda en medio de la selva y est\u00e1n perdidos.<\/p>\n<p>Los rescatistas, que cuentan con el apoyo de perros entrenados en b\u00fasqueda y rescate, han encontrado rastros de frutas que al parecer han comido los ni\u00f1os para sobrevivir y de improvisados albergues elaborados con vegetaci\u00f3n en medio de la jungla.<\/p>\n<p>Aviones y helic\u00f3pteros de la fuerza a\u00e9rea y del ej\u00e9rcito participan en la operaci\u00f3n de b\u00fasqueda y rescate y env\u00edan mensajes con potentes parlantes a los ni\u00f1os en su lengua ind\u00edgena materna para tratar de ubicarlos.<\/p>\n<p>FUENTE: PERI\u00d3DICO LA JORNADA<\/p>\n","protected":false},"excerpt":{"rendered":"<p>Bogot\u00e1.- El presidente de Colombia, Gustavo Petro, se retract\u00f3 ayer de su anuncio sobre el rescate de cuatro ni\u00f1os ind\u00edgenas, que al parecer sobrevivieron a un accidente a\u00e9reo y dijo que contin\u00faan perdidos en las selvas del sureste de Colombia Los menores viajaban en un avi\u00f3n monomotor Cessna 206 que se precipit\u00f3 a tierra en [&hellip;]<\/p>\n","protected":false},"author":9,"featured_media":41429,"comment_status":"closed","ping_status":"closed","sticky":false,"template":"","format":"standard","meta":{"footnotes":""},"categories":[16],"tags":[5731,5634,7240,7384,7383,5859],"class_list":["post-41428","post","type-post","status-publish","format-standard","has-post-thumbnail","hentry","category-internacional","tag-avionazo","tag-colombia","tag-gustavopetro","tag-ninosnoencontrados","tag-sobrevivieron","tag-ultimas-noticias"],"_links":{"self":[{"href":"https:\/\/laultimapalabra.com.mx\/portal\/wp-json\/wp\/v2\/posts\/41428","targetHints":{"allow":["GET"]}}],"collection":[{"href":"https:\/\/laultimapalabra.com.mx\/portal\/wp-json\/wp\/v2\/posts"}],"about":[{"href":"https:\/\/laultimapalabra.com.mx\/portal\/wp-json\/wp\/v2\/types\/post"}],"author":[{"embeddable":true,"href":"https:\/\/laultimapalabra.com.mx\/portal\/wp-json\/wp\/v2\/users\/9"}],"replies":[{"embeddable":true,"href":"https:\/\/laultimapalabra.com.mx\/portal\/wp-json\/wp\/v2\/comments?post=41428"}],"version-history":[{"count":2,"href":"https:\/\/laultimapalabra.com.mx\/portal\/wp-json\/wp\/v2\/posts\/41428\/revisions"}],"predecessor-version":[{"id":82751,"href":"https:\/\/laultimapalabra.com.mx\/portal\/wp-json\/wp\/v2\/posts\/41428\/revisions\/82751"}],"wp:featuredmedia":[{"embeddable":true,"href":"https:\/\/laultimapalabra.com.mx\/portal\/wp-json\/wp\/v2\/media\/41429"}],"wp:attachment":[{"href":"https:\/\/laultimapalabra.com.mx\/portal\/wp-json\/wp\/v2\/media?parent=41428"}],"wp:term":[{"taxonomy":"category","embeddable":true,"href":"https:\/\/laultimapalabra.com.mx\/portal\/wp-json\/wp\/v2\/categories?post=41428"},{"taxonomy":"post_tag","embeddable":true,"href":"https:\/\/laultimapalabra.com.mx\/portal\/wp-json\/wp\/v2\/tags?post=41428"}],"curies":[{"name":"wp","href":"https:\/\/api.w.org\/{rel}","templated":true}]}}