                       {"id":41446,"date":"2023-05-19T17:28:30","date_gmt":"2023-05-19T23:28:30","guid":{"rendered":"https:\/\/laultimapalabra.com.mx\/portal\/?p=41446"},"modified":"2024-12-11T10:43:53","modified_gmt":"2024-12-11T16:43:53","slug":"sufre-jardin-de-ninos-un-mes-sin-electricidad","status":"publish","type":"post","link":"https:\/\/laultimapalabra.com.mx\/portal\/sufre-jardin-de-ninos-un-mes-sin-electricidad\/","title":{"rendered":"Sufre jard\u00edn de ni\u00f1os un mes sin electricidad"},"content":{"rendered":"<p>Ju\u00e1rez, N.L.- La mayor\u00eda de las madres de familia del Jard\u00edn de ni\u00f1os &#8220;15 de junio de 1604&#8221; ubicado en el antiguo camino a San Roque en la colonia Arboledas de San Roque, protestaron el d\u00eda de ayer en contra de la Comisi\u00f3n Federal de Electricidad, debido ala tardanza para reparar una l\u00ednea que los mantiene sin el servicio energ\u00e9tico desde hace un mes.<\/p>\n<p>Mencionaron que han sido innumerable los reportes que han hecho, pero que la paraestatal ha hecho caso omiso a su llamado.<\/p>\n<p>Molestas dijeron que sus hijos se encuentran sin abanico y sin climas debido a la falta de electricidad y aunado a esto, alguien caus\u00f3 destrozos que los mantiene sin el tinaco de agua potable.<\/p>\n<p>Hicieron un llamado en\u00e9rgico para que intervenga el gobierno estatal para reparar esa falla y sus hijos puedan estudiar en una forma digna.<\/p>\n","protected":false},"excerpt":{"rendered":"<p>Ju\u00e1rez, N.L.- La mayor\u00eda de las madres de familia del Jard\u00edn de ni\u00f1os &#8220;15 de junio de 1604&#8221; ubicado en el antiguo camino a San Roque en la colonia Arboledas de San Roque, protestaron el d\u00eda de ayer en contra de la Comisi\u00f3n Federal de Electricidad, debido ala tardanza para reparar una l\u00ednea que los [&hellip;]<\/p>\n","protected":false},"author":9,"featured_media":41447,"comment_status":"closed","ping_status":"closed","sticky":false,"template":"","format":"standard","meta":{"footnotes":""},"categories":[18],"tags":[4570,3590,5859,7401],"class_list":["post-41446","post","type-post","status-publish","format-standard","has-post-thumbnail","hentry","category-locales-juarez","tag-jardin-de-ninos","tag-juarez-nl","tag-ultimas-noticias","tag-un-mes-sin-electricidad"],"_links":{"self":[{"href":"https:\/\/laultimapalabra.com.mx\/portal\/wp-json\/wp\/v2\/posts\/41446","targetHints":{"allow":["GET"]}}],"collection":[{"href":"https:\/\/laultimapalabra.com.mx\/portal\/wp-json\/wp\/v2\/posts"}],"about":[{"href":"https:\/\/laultimapalabra.com.mx\/portal\/wp-json\/wp\/v2\/types\/post"}],"author":[{"embeddable":true,"href":"https:\/\/laultimapalabra.com.mx\/portal\/wp-json\/wp\/v2\/users\/9"}],"replies":[{"embeddable":true,"href":"https:\/\/laultimapalabra.com.mx\/portal\/wp-json\/wp\/v2\/comments?post=41446"}],"version-history":[{"count":2,"href":"https:\/\/laultimapalabra.com.mx\/portal\/wp-json\/wp\/v2\/posts\/41446\/revisions"}],"predecessor-version":[{"id":82763,"href":"https:\/\/laultimapalabra.com.mx\/portal\/wp-json\/wp\/v2\/posts\/41446\/revisions\/82763"}],"wp:featuredmedia":[{"embeddable":true,"href":"https:\/\/laultimapalabra.com.mx\/portal\/wp-json\/wp\/v2\/media\/41447"}],"wp:attachment":[{"href":"https:\/\/laultimapalabra.com.mx\/portal\/wp-json\/wp\/v2\/media?parent=41446"}],"wp:term":[{"taxonomy":"category","embeddable":true,"href":"https:\/\/laultimapalabra.com.mx\/portal\/wp-json\/wp\/v2\/categories?post=41446"},{"taxonomy":"post_tag","embeddable":true,"href":"https:\/\/laultimapalabra.com.mx\/portal\/wp-json\/wp\/v2\/tags?post=41446"}],"curies":[{"name":"wp","href":"https:\/\/api.w.org\/{rel}","templated":true}]}}