                       {"id":41543,"date":"2023-05-23T12:05:35","date_gmt":"2023-05-23T18:05:35","guid":{"rendered":"https:\/\/laultimapalabra.com.mx\/portal\/?p=41543"},"modified":"2024-12-11T10:43:54","modified_gmt":"2024-12-11T16:43:54","slug":"separan-a-directora-y-maestra-de-kinder-con-casos-de-abusos-sexules","status":"publish","type":"post","link":"https:\/\/laultimapalabra.com.mx\/portal\/separan-a-directora-y-maestra-de-kinder-con-casos-de-abusos-sexules\/","title":{"rendered":"Separan a directora y maestra de k\u00ednder con casos de abusos sexu@les\u00a0"},"content":{"rendered":"<p>Ju\u00e1rez, N.L.- Desde el d\u00eda de hoy, la directora del jard\u00edn de ni\u00f1os &#8220;Carlos Antonio de Padua Ch\u00e1vez y Ram\u00edrez&#8221; fue separada de su cargo en ese plantel, al igual que la maestra del segundo grado &#8220;A&#8221;.<\/p>\n<p>&nbsp;<\/p>\n<p>&nbsp;<\/p>\n<p>&nbsp;<\/p>\n<p>&nbsp;<\/p>\n<p><img loading=\"lazy\" decoding=\"async\" class=\"alignnone size-medium wp-image-41545\" src=\"https:\/\/laultimapalabra.com.mx\/portal\/wp-content\/uploads\/2023\/05\/Screenshot_20230523-1158222-300x151.png\" alt=\"\" width=\"300\" height=\"151\" srcset=\"https:\/\/laultimapalabra.com.mx\/portal\/wp-content\/uploads\/2023\/05\/Screenshot_20230523-1158222-300x151.png 300w, https:\/\/laultimapalabra.com.mx\/portal\/wp-content\/uploads\/2023\/05\/Screenshot_20230523-1158222.png 720w\" sizes=\"auto, (max-width: 300px) 100vw, 300px\" \/><\/p>\n<p>Por otra parte, los padres de familia se presentaron en el k\u00ednder para recabar firmas pidiendo la destituci\u00f3n de la directora de nombre Erika y de la maestra del grupo identificada como Gloria.<\/p>\n<p>En el plantel las autoridades de Educaci\u00f3n suspendieron las actividades hasta nuevo aviso, mientras se contin\u00faa con las investigaciones.<\/p>\n<p>Algunos padres hicieron el llamado para que se les quiten sus c\u00e9dulas profesionales a las mentoras, al haber cinco v\u00edctimas por abuso sexual en ese jard\u00edn de ni\u00f1os.<\/p>\n","protected":false},"excerpt":{"rendered":"<p>Ju\u00e1rez, N.L.- Desde el d\u00eda de hoy, la directora del jard\u00edn de ni\u00f1os &#8220;Carlos Antonio de Padua Ch\u00e1vez y Ram\u00edrez&#8221; fue separada de su cargo en ese plantel, al igual que la maestra del segundo grado &#8220;A&#8221;. &nbsp; &nbsp; &nbsp; &nbsp; Por otra parte, los padres de familia se presentaron en el k\u00ednder para recabar [&hellip;]<\/p>\n","protected":false},"author":9,"featured_media":41544,"comment_status":"closed","ping_status":"closed","sticky":false,"template":"","format":"standard","meta":{"footnotes":""},"categories":[18],"tags":[7434,3590,4214,7433,5859],"class_list":["post-41543","post","type-post","status-publish","format-standard","has-post-thumbnail","hentry","category-locales-juarez","tag-abuso-sexul","tag-juarez-nl","tag-kinder","tag-separan-a-maestra-y-a-directora","tag-ultimas-noticias"],"_links":{"self":[{"href":"https:\/\/laultimapalabra.com.mx\/portal\/wp-json\/wp\/v2\/posts\/41543","targetHints":{"allow":["GET"]}}],"collection":[{"href":"https:\/\/laultimapalabra.com.mx\/portal\/wp-json\/wp\/v2\/posts"}],"about":[{"href":"https:\/\/laultimapalabra.com.mx\/portal\/wp-json\/wp\/v2\/types\/post"}],"author":[{"embeddable":true,"href":"https:\/\/laultimapalabra.com.mx\/portal\/wp-json\/wp\/v2\/users\/9"}],"replies":[{"embeddable":true,"href":"https:\/\/laultimapalabra.com.mx\/portal\/wp-json\/wp\/v2\/comments?post=41543"}],"version-history":[{"count":2,"href":"https:\/\/laultimapalabra.com.mx\/portal\/wp-json\/wp\/v2\/posts\/41543\/revisions"}],"predecessor-version":[{"id":82813,"href":"https:\/\/laultimapalabra.com.mx\/portal\/wp-json\/wp\/v2\/posts\/41543\/revisions\/82813"}],"wp:featuredmedia":[{"embeddable":true,"href":"https:\/\/laultimapalabra.com.mx\/portal\/wp-json\/wp\/v2\/media\/41544"}],"wp:attachment":[{"href":"https:\/\/laultimapalabra.com.mx\/portal\/wp-json\/wp\/v2\/media?parent=41543"}],"wp:term":[{"taxonomy":"category","embeddable":true,"href":"https:\/\/laultimapalabra.com.mx\/portal\/wp-json\/wp\/v2\/categories?post=41543"},{"taxonomy":"post_tag","embeddable":true,"href":"https:\/\/laultimapalabra.com.mx\/portal\/wp-json\/wp\/v2\/tags?post=41543"}],"curies":[{"name":"wp","href":"https:\/\/api.w.org\/{rel}","templated":true}]}}