                       {"id":41547,"date":"2023-05-23T14:40:07","date_gmt":"2023-05-23T20:40:07","guid":{"rendered":"https:\/\/laultimapalabra.com.mx\/portal\/?p=41547"},"modified":"2024-12-11T10:43:54","modified_gmt":"2024-12-11T16:43:54","slug":"ya-perdimos-a-la-corte-dice-amlo-tras-anulacion-del-decreto-de-obras-estrategicas","status":"publish","type":"post","link":"https:\/\/laultimapalabra.com.mx\/portal\/ya-perdimos-a-la-corte-dice-amlo-tras-anulacion-del-decreto-de-obras-estrategicas\/","title":{"rendered":"&#8220;Ya perdimos a la Corte&#8221;, dice AMLO tras anulaci\u00f3n del decreto de obras estrat\u00e9gicas"},"content":{"rendered":"<p>CDMX.- Con la decisi\u00f3n adoptada por la Suprema Corte de Justicia de la Naci\u00f3n de anular por completo el decreto que declaraba como de seguridad nacional las obras estrat\u00e9gicas, se confirma, como se dice coloquialmente, que \u201cya perdimos a la Corte\u201d, porque existe un divorcio entre sus decisiones y el inter\u00e9s p\u00fablico, sostuvo el presidente Andr\u00e9s Manuel L\u00f3pez Obrador.<\/p>\n<p>\u201cCreo que siempre hab\u00eda estado alejada del pueblo y cercana al poder, pero ahora de manera descarada. Est\u00e1n al servicio de los potentados, de las minor\u00edas, de lo que conceptualmente se conoce como la oligarqu\u00eda, el poder de los ricos\u201d.<\/p>\n<p>Durante su conferencia se refiri\u00f3 a la resoluci\u00f3n que adoptaron los ministros y que cancel\u00f3 por completo su decreto emitido en 2021, sobre las obras estrat\u00e9gicas, cuestionando las motivaciones que tuvieron para la decisi\u00f3n. Para el mandatario, la decisi\u00f3n confirma su inclinaci\u00f3n para defender los intereses particulares, sin tener aprecio al inter\u00e9s p\u00fablico. Nada les importa, dijo, \u201ces como vivir en otro mundo, existe un divorcio completo entre este aparato que simula impartir justicia y las necesidades de la mayor\u00eda de los mexicanos\u201d.<\/p>\n<p>Sin embargo, desestim\u00f3 sus efectos porque como ya sab\u00eda que la resoluci\u00f3n vendr\u00eda en este sentido, se anticip\u00f3 para emitir un nuevo decreto que busca garantizar la continuidad de las obras estrat\u00e9gicas.<\/p>\n<p>\u201c Ya sab\u00edamos que iban a tratar de frenarnos en la construcci\u00f3n de estas obras estrat\u00e9gicas. No estoy hablando al tanteo, no estoy inventando nada. Todos los amparos a las obras que realizamos se promueven con un grupo vinculado a los jueces, magistrados y ministros. Existe una asociaci\u00f3n de abogados con estas caracter\u00edsticas que est\u00e1 dedicada a promover amparos contra las obras que realizamos, desde la construcci\u00f3n del aeropuerto Felipe Angeles\u201d.<\/p>\n<p>Acus\u00f3 que hay un conjunto de abogados que sistem\u00e1ticamente han promovido amparos como el ex ministro de la Corte, Jos\u00e9 Ram\u00f3n Coss\u00edo, el abogado Miguel Carbonell o el ex secretario de Gobernaci\u00f3n, con Felipe Calder\u00f3n, Fernando G\u00f3mez Montt.<\/p>\n<p>Todos ellos, cuya principal estrategia es el tr\u00e1fico de influencias..<\/p>\n<p>Ante las posturas de algunos ministros de que continuar\u00e1n defendiendo la Constituci\u00f3n, L\u00f3pez Obrador dijo que son los primeros en vulnerar porque violan el art\u00edculo 117 constitucional, que establece que nadie puede ganar m\u00e1s que el presidente y ellos devengan 4 o 5 veces m\u00e1s que \u00e9l.<\/p>\n<p>Por ello reiter\u00f3 que es necesario impulsar una reforma al Poder Judicial y ratific\u00f3 la viabilidad de elegir a los ministros, mediante propuestas de los tres poderes de la Uni\u00f3n, con requisitos m\u00ednimos que en ese caso podr\u00eda ser contar con maestr\u00eda o doctorado en derecho. Se dar\u00eda tiempo para conocer sus propuestas y difundir sus trayectorias.<\/p>\n<p>FUENTE: LA JORNADA<\/p>\n","protected":false},"excerpt":{"rendered":"<p>CDMX.- Con la decisi\u00f3n adoptada por la Suprema Corte de Justicia de la Naci\u00f3n de anular por completo el decreto que declaraba como de seguridad nacional las obras estrat\u00e9gicas, se confirma, como se dice coloquialmente, que \u201cya perdimos a la Corte\u201d, porque existe un divorcio entre sus decisiones y el inter\u00e9s p\u00fablico, sostuvo el presidente [&hellip;]<\/p>\n","protected":false},"author":9,"featured_media":41548,"comment_status":"closed","ping_status":"closed","sticky":false,"template":"","format":"standard","meta":{"footnotes":""},"categories":[19],"tags":[124,7436,2085,5859,7435],"class_list":["post-41547","post","type-post","status-publish","format-standard","has-post-thumbnail","hentry","category-nacional","tag-amlo","tag-decretoanulado","tag-scjn","tag-ultimas-noticias","tag-yalosperdimos"],"_links":{"self":[{"href":"https:\/\/laultimapalabra.com.mx\/portal\/wp-json\/wp\/v2\/posts\/41547","targetHints":{"allow":["GET"]}}],"collection":[{"href":"https:\/\/laultimapalabra.com.mx\/portal\/wp-json\/wp\/v2\/posts"}],"about":[{"href":"https:\/\/laultimapalabra.com.mx\/portal\/wp-json\/wp\/v2\/types\/post"}],"author":[{"embeddable":true,"href":"https:\/\/laultimapalabra.com.mx\/portal\/wp-json\/wp\/v2\/users\/9"}],"replies":[{"embeddable":true,"href":"https:\/\/laultimapalabra.com.mx\/portal\/wp-json\/wp\/v2\/comments?post=41547"}],"version-history":[{"count":2,"href":"https:\/\/laultimapalabra.com.mx\/portal\/wp-json\/wp\/v2\/posts\/41547\/revisions"}],"predecessor-version":[{"id":82815,"href":"https:\/\/laultimapalabra.com.mx\/portal\/wp-json\/wp\/v2\/posts\/41547\/revisions\/82815"}],"wp:featuredmedia":[{"embeddable":true,"href":"https:\/\/laultimapalabra.com.mx\/portal\/wp-json\/wp\/v2\/media\/41548"}],"wp:attachment":[{"href":"https:\/\/laultimapalabra.com.mx\/portal\/wp-json\/wp\/v2\/media?parent=41547"}],"wp:term":[{"taxonomy":"category","embeddable":true,"href":"https:\/\/laultimapalabra.com.mx\/portal\/wp-json\/wp\/v2\/categories?post=41547"},{"taxonomy":"post_tag","embeddable":true,"href":"https:\/\/laultimapalabra.com.mx\/portal\/wp-json\/wp\/v2\/tags?post=41547"}],"curies":[{"name":"wp","href":"https:\/\/api.w.org\/{rel}","templated":true}]}}