                       {"id":41784,"date":"2023-05-29T14:47:46","date_gmt":"2023-05-29T20:47:46","guid":{"rendered":"https:\/\/laultimapalabra.com.mx\/portal\/?p=41784"},"modified":"2024-12-11T10:43:57","modified_gmt":"2024-12-11T16:43:57","slug":"decisiones-del-poder-judicial-pretenden-dar-un-golpe-de-estado-amlo","status":"publish","type":"post","link":"https:\/\/laultimapalabra.com.mx\/portal\/decisiones-del-poder-judicial-pretenden-dar-un-golpe-de-estado-amlo\/","title":{"rendered":"Decisiones del Poder Judicial pretenden dar &#8220;un golpe de Estado&#8221;: AMLO"},"content":{"rendered":"<p>CDMX.- Al referirse a la suspensi\u00f3n definitiva relacionada con las obras del Tren Maya otorgada por un juez, el presidente Andr\u00e9s Manuel L\u00f3pez Obrador dijo que las decisiones del Poder Judicial pretenden dar &#8220;un golpe de estado neutralizando al Poder Ejecutivo, o sea, que ya no ejecutemos&#8221;.<\/p>\n<p>Asever\u00f3 que van a seguir queriendo detener las obras de gobierno, y dijo tambi\u00e9n que \u201cno van a poder porque de acuerdo a la Constituci\u00f3n, tenemos derecho de hacer obras en beneficio del pueblo. No se van a poder cancelar las obras. No se puede, una cosa es que violen la Constituci\u00f3n. Que me digan los ministros sino la est\u00e1n violando, cobrando m\u00e1s que lo que cobra el Presidente&#8221;.<\/p>\n<p>Durante la conferencia, deriv\u00f3 la pregunta sobre el Tren Maya en la defensa de su proyecto como presidente, porque, asever\u00f3, se est\u00e1n confrontando dos proyectos, el popular y otro que es defendido por los sectores conservadores y de los medios de comunicaci\u00f3n. Record\u00f3 que en su momento, el poder de los medios los llevo a imponer un presidente.<\/p>\n<p>FUENTE: LA JORNADA<\/p>\n","protected":false},"excerpt":{"rendered":"<p>CDMX.- Al referirse a la suspensi\u00f3n definitiva relacionada con las obras del Tren Maya otorgada por un juez, el presidente Andr\u00e9s Manuel L\u00f3pez Obrador dijo que las decisiones del Poder Judicial pretenden dar &#8220;un golpe de estado neutralizando al Poder Ejecutivo, o sea, que ya no ejecutemos&#8221;. Asever\u00f3 que van a seguir queriendo detener las [&hellip;]<\/p>\n","protected":false},"author":9,"featured_media":41785,"comment_status":"closed","ping_status":"closed","sticky":false,"template":"","format":"standard","meta":{"footnotes":""},"categories":[19],"tags":[124,5436,7524,2085,5859],"class_list":["post-41784","post","type-post","status-publish","format-standard","has-post-thumbnail","hentry","category-nacional","tag-amlo","tag-golpedeestado","tag-proyectosdeestado","tag-scjn","tag-ultimas-noticias"],"_links":{"self":[{"href":"https:\/\/laultimapalabra.com.mx\/portal\/wp-json\/wp\/v2\/posts\/41784","targetHints":{"allow":["GET"]}}],"collection":[{"href":"https:\/\/laultimapalabra.com.mx\/portal\/wp-json\/wp\/v2\/posts"}],"about":[{"href":"https:\/\/laultimapalabra.com.mx\/portal\/wp-json\/wp\/v2\/types\/post"}],"author":[{"embeddable":true,"href":"https:\/\/laultimapalabra.com.mx\/portal\/wp-json\/wp\/v2\/users\/9"}],"replies":[{"embeddable":true,"href":"https:\/\/laultimapalabra.com.mx\/portal\/wp-json\/wp\/v2\/comments?post=41784"}],"version-history":[{"count":2,"href":"https:\/\/laultimapalabra.com.mx\/portal\/wp-json\/wp\/v2\/posts\/41784\/revisions"}],"predecessor-version":[{"id":82947,"href":"https:\/\/laultimapalabra.com.mx\/portal\/wp-json\/wp\/v2\/posts\/41784\/revisions\/82947"}],"wp:featuredmedia":[{"embeddable":true,"href":"https:\/\/laultimapalabra.com.mx\/portal\/wp-json\/wp\/v2\/media\/41785"}],"wp:attachment":[{"href":"https:\/\/laultimapalabra.com.mx\/portal\/wp-json\/wp\/v2\/media?parent=41784"}],"wp:term":[{"taxonomy":"category","embeddable":true,"href":"https:\/\/laultimapalabra.com.mx\/portal\/wp-json\/wp\/v2\/categories?post=41784"},{"taxonomy":"post_tag","embeddable":true,"href":"https:\/\/laultimapalabra.com.mx\/portal\/wp-json\/wp\/v2\/tags?post=41784"}],"curies":[{"name":"wp","href":"https:\/\/api.w.org\/{rel}","templated":true}]}}