                       {"id":41885,"date":"2023-05-31T12:27:58","date_gmt":"2023-05-31T18:27:58","guid":{"rendered":"https:\/\/laultimapalabra.com.mx\/portal\/?p=41885"},"modified":"2024-12-11T10:43:58","modified_gmt":"2024-12-11T16:43:58","slug":"cayeron-nueve-integrantes-de-una-celula-delictiva-con-arsenal-belico-y-mas-14-granadas-en-michoacan","status":"publish","type":"post","link":"https:\/\/laultimapalabra.com.mx\/portal\/cayeron-nueve-integrantes-de-una-celula-delictiva-con-arsenal-belico-y-mas-14-granadas-en-michoacan\/","title":{"rendered":"Cayeron nueve integrantes de una c\u00e9lula delictiva con arsenal b\u00e9lico y m\u00e1s 14 granadas en Michoac\u00e1n"},"content":{"rendered":"\r\n<p>Michoacan.- La Secretar\u00eda de Seguridad P\u00fablica de Michoac\u00e1n (SSPM) inform\u00f3 sobre la detenci\u00f3n de nueve presuntos integrantes de un grupo delincuencial en el municipio de Aguililla.<br \/>Con el decomiso suman m\u00e1s de 15 toneladas de droga asegurada por personal naval en los cinco meses que van del 2023 (Secretar\u00eda de Marina.<br \/>En un operativo interinstitucional se desmantel\u00f3 esta c\u00e9lula, a la cual se le asegur\u00f3 un arsenal, equipo t\u00e1ctico y un veh\u00edculo que se cree fue utilizado para actividades il\u00edcitas.<br \/>En un comunicado, la Secretar\u00eda de Seguridad Estatal se\u00f1al\u00f3 que la detenci\u00f3n se di\u00f3 cuando guardias civiles y nacionales, as\u00ed como elementos de la Secretar\u00eda de la Defensa Nacional (Sedena) hac\u00edan patrullajes en un camino de terracer\u00eda del municipio de Aguililla.<br \/>Entre los indiciados est\u00e1n ocho personas del sexo masculino y una mujer, quienes fueron puestos a disposici\u00f3n de la autoridad investigadora respectiva para que les definiera su situaci\u00f3n legal conforme a Derecho, detall\u00f3 la dependencia de seguridad.<\/p>\r\n\r\n\r\n\r\n<p>Fuente: ABCNOTICIAS<\/p>\r\n\r\n","protected":false},"excerpt":{"rendered":"<p>Michoacan.- La Secretar\u00eda de Seguridad P\u00fablica de Michoac\u00e1n (SSPM) inform\u00f3 sobre la detenci\u00f3n de nueve presuntos integrantes de un grupo delincuencial en el municipio de Aguililla.Con el decomiso suman m\u00e1s de 15 toneladas de droga asegurada por personal naval en los cinco meses que van del 2023 (Secretar\u00eda de Marina.En un operativo interinstitucional se desmantel\u00f3 [&hellip;]<\/p>\n","protected":false},"author":7,"featured_media":41884,"comment_status":"closed","ping_status":"closed","sticky":false,"template":"","format":"standard","meta":{"footnotes":""},"categories":[19],"tags":[7577,4213,2108,6757,7578,5859],"class_list":["post-41885","post","type-post","status-publish","format-standard","has-post-thumbnail","hentry","category-nacional","tag-aguilillamichoacan","tag-detenidos","tag-sedena","tag-semar","tag-sspm","tag-ultimas-noticias"],"_links":{"self":[{"href":"https:\/\/laultimapalabra.com.mx\/portal\/wp-json\/wp\/v2\/posts\/41885","targetHints":{"allow":["GET"]}}],"collection":[{"href":"https:\/\/laultimapalabra.com.mx\/portal\/wp-json\/wp\/v2\/posts"}],"about":[{"href":"https:\/\/laultimapalabra.com.mx\/portal\/wp-json\/wp\/v2\/types\/post"}],"author":[{"embeddable":true,"href":"https:\/\/laultimapalabra.com.mx\/portal\/wp-json\/wp\/v2\/users\/7"}],"replies":[{"embeddable":true,"href":"https:\/\/laultimapalabra.com.mx\/portal\/wp-json\/wp\/v2\/comments?post=41885"}],"version-history":[{"count":4,"href":"https:\/\/laultimapalabra.com.mx\/portal\/wp-json\/wp\/v2\/posts\/41885\/revisions"}],"predecessor-version":[{"id":83005,"href":"https:\/\/laultimapalabra.com.mx\/portal\/wp-json\/wp\/v2\/posts\/41885\/revisions\/83005"}],"wp:featuredmedia":[{"embeddable":true,"href":"https:\/\/laultimapalabra.com.mx\/portal\/wp-json\/wp\/v2\/media\/41884"}],"wp:attachment":[{"href":"https:\/\/laultimapalabra.com.mx\/portal\/wp-json\/wp\/v2\/media?parent=41885"}],"wp:term":[{"taxonomy":"category","embeddable":true,"href":"https:\/\/laultimapalabra.com.mx\/portal\/wp-json\/wp\/v2\/categories?post=41885"},{"taxonomy":"post_tag","embeddable":true,"href":"https:\/\/laultimapalabra.com.mx\/portal\/wp-json\/wp\/v2\/tags?post=41885"}],"curies":[{"name":"wp","href":"https:\/\/api.w.org\/{rel}","templated":true}]}}