                       {"id":41888,"date":"2023-05-11T14:21:04","date_gmt":"2023-05-11T20:21:04","guid":{"rendered":"https:\/\/laultimapalabra.com.mx\/portal\/?p=41888"},"modified":"2024-12-11T10:43:58","modified_gmt":"2024-12-11T16:43:58","slug":"sedeco-y-tiktok-firman-acuerdo-para-capacitar-a-mipymes","status":"publish","type":"post","link":"https:\/\/laultimapalabra.com.mx\/portal\/sedeco-y-tiktok-firman-acuerdo-para-capacitar-a-mipymes\/","title":{"rendered":"Sedeco y TikTok firman acuerdo para capacitar a Mipymes"},"content":{"rendered":"\n<p>Ciudad de M\u00e9xico.- Como parte de las actividades para fortalecer el mercado digital de las Micro, Peque\u00f1as y Medianas Empresas (MIPYMES) de la Ciudad de M\u00e9xico e impulsar las ventas de sus productos y servicios, la Secretar\u00eda de Desarrollo Econ\u00f3mico (Sedeco) y la plataforma TikTok M\u00e9xico, firmaron un acuerdo de colaboraci\u00f3n con el objetivo de capacitar en el uso de la plataforma a 33 mil unidades econ\u00f3micas por a\u00f1o.<br>Fadlala Akabani, titular de la Sedeco, explic\u00f3 que es fundamental capacitar a las MiPymes de la CDMX en el uso de plataformas electr\u00f3nicas con el prop\u00f3sito de que crezcan, se fortalezcan y coloquen sus productos y servicios entre los usuarios.<br>A\u00f1adi\u00f3 que con la firma de este instrumento, personal calificado de la plataforma en M\u00e9xico realizar\u00e1 al menos un curso por mes sin costo dirigido a emprendedores, micro y peque\u00f1as empresas que aprender\u00e1n sobre las herramientas que brinda la plataforma, con el objetivo de aumentar sus ventas; durante el primer a\u00f1o se capacitar\u00e1 de forma conjunta al menos a 33 mil personas.<br>De acuerdo con cifras de la Asociaci\u00f3n Mexicana de Venta Online (AMVO), el comercio electr\u00f3nico minorista en M\u00e9xico tuvo un aumento de 23 por ciento al cierre de 2022, con lo que alcanz\u00f3 un valor de 528 mil millones de pesos, donde la capital es la principal entidad en compras digitales con el 33 por ciento.<\/p>\n\n\n\n<p>Fuente: LA JORNADA <\/p>\n\r\n","protected":false},"excerpt":{"rendered":"<p>Ciudad de M\u00e9xico.- Como parte de las actividades para fortalecer el mercado digital de las Micro, Peque\u00f1as y Medianas Empresas (MIPYMES) de la Ciudad de M\u00e9xico e impulsar las ventas de sus productos y servicios, la Secretar\u00eda de Desarrollo Econ\u00f3mico (Sedeco) y la plataforma TikTok M\u00e9xico, firmaron un acuerdo de colaboraci\u00f3n con el objetivo de [&hellip;]<\/p>\n","protected":false},"author":7,"featured_media":41887,"comment_status":"closed","ping_status":"closed","sticky":false,"template":"","format":"standard","meta":{"footnotes":""},"categories":[19],"tags":[7581,7580,7579,6301],"class_list":["post-41888","post","type-post","status-publish","format-standard","has-post-thumbnail","hentry","category-nacional","tag-auentarventas","tag-herraientasplataforma","tag-sedeco-conveniocursos","tag-tiktok"],"_links":{"self":[{"href":"https:\/\/laultimapalabra.com.mx\/portal\/wp-json\/wp\/v2\/posts\/41888","targetHints":{"allow":["GET"]}}],"collection":[{"href":"https:\/\/laultimapalabra.com.mx\/portal\/wp-json\/wp\/v2\/posts"}],"about":[{"href":"https:\/\/laultimapalabra.com.mx\/portal\/wp-json\/wp\/v2\/types\/post"}],"author":[{"embeddable":true,"href":"https:\/\/laultimapalabra.com.mx\/portal\/wp-json\/wp\/v2\/users\/7"}],"replies":[{"embeddable":true,"href":"https:\/\/laultimapalabra.com.mx\/portal\/wp-json\/wp\/v2\/comments?post=41888"}],"version-history":[{"count":3,"href":"https:\/\/laultimapalabra.com.mx\/portal\/wp-json\/wp\/v2\/posts\/41888\/revisions"}],"predecessor-version":[{"id":83007,"href":"https:\/\/laultimapalabra.com.mx\/portal\/wp-json\/wp\/v2\/posts\/41888\/revisions\/83007"}],"wp:featuredmedia":[{"embeddable":true,"href":"https:\/\/laultimapalabra.com.mx\/portal\/wp-json\/wp\/v2\/media\/41887"}],"wp:attachment":[{"href":"https:\/\/laultimapalabra.com.mx\/portal\/wp-json\/wp\/v2\/media?parent=41888"}],"wp:term":[{"taxonomy":"category","embeddable":true,"href":"https:\/\/laultimapalabra.com.mx\/portal\/wp-json\/wp\/v2\/categories?post=41888"},{"taxonomy":"post_tag","embeddable":true,"href":"https:\/\/laultimapalabra.com.mx\/portal\/wp-json\/wp\/v2\/tags?post=41888"}],"curies":[{"name":"wp","href":"https:\/\/api.w.org\/{rel}","templated":true}]}}