                       {"id":41999,"date":"2023-06-01T22:44:35","date_gmt":"2023-06-02T04:44:35","guid":{"rendered":"https:\/\/laultimapalabra.com.mx\/portal\/?p=41999"},"modified":"2024-12-11T10:43:59","modified_gmt":"2024-12-11T16:43:59","slug":"destituyen-a-directora-de-jardin-de-ninos-de-valle-del-roble","status":"publish","type":"post","link":"https:\/\/laultimapalabra.com.mx\/portal\/destituyen-a-directora-de-jardin-de-ninos-de-valle-del-roble\/","title":{"rendered":"Destituyen a Directora de jard\u00edn de ni\u00f1os de Valle del Roble"},"content":{"rendered":"\n<p>Cadereyta Jim\u00e9nez, N.L.-Tal y como se lo informamos el jueves por la tarde, madres de familia del jard\u00edn de ni\u00f1os Francisca R\u00edos Garc\u00eda, exigieron la destituci\u00f3n de la Directora de dicho plantel por malos manejos de recursos.<br \/>Las madres inconformes aparte de hacer p\u00fablico el caso a trav\u00e9s de este medio, fueron a las oficinas de la Regi\u00f3n 8 de la Secretar\u00eda de Educaci\u00f3n, ubicadas en el centro de Cadereyta, donde ped\u00edan una soluci\u00f3n a su problem\u00e1tica.<br \/>Tras tener una reuni\u00f3n con el encargado de ingresos, el Maestro Sebasti\u00e1n Silva, en dicha dependencia se lleg\u00f3 al acuerdo de que la Directora Idalia Margarita Garza a partir de hoy quedaba fuera de la escuela y que a m\u00e1s tardar el lunes, buscar\u00edan hacer una revisi\u00f3n de cuentas.<br \/>Tanto la Mesa Directiva como las madres continuar\u00e1n al pendiente para el desenlace de este caso y agradecieron al personal de la Regi\u00f3n 8 y al Peri\u00f3dico La \u00daltima Palabra por apoyarlas para resolver su problem\u00e1tica.<\/p>\n\r\n","protected":false},"excerpt":{"rendered":"<p>Cadereyta Jim\u00e9nez, N.L.-Tal y como se lo informamos el jueves por la tarde, madres de familia del jard\u00edn de ni\u00f1os Francisca R\u00edos Garc\u00eda, exigieron la destituci\u00f3n de la Directora de dicho plantel por malos manejos de recursos.Las madres inconformes aparte de hacer p\u00fablico el caso a trav\u00e9s de este medio, fueron a las oficinas de [&hellip;]<\/p>\n","protected":false},"author":7,"featured_media":41998,"comment_status":"closed","ping_status":"closed","sticky":false,"template":"","format":"standard","meta":{"footnotes":""},"categories":[17],"tags":[6421,4570,7621],"class_list":["post-41999","post","type-post","status-publish","format-standard","has-post-thumbnail","hentry","category-locales-cadereyta","tag-directora","tag-jardin-de-ninos","tag-madre-de-familias"],"_links":{"self":[{"href":"https:\/\/laultimapalabra.com.mx\/portal\/wp-json\/wp\/v2\/posts\/41999","targetHints":{"allow":["GET"]}}],"collection":[{"href":"https:\/\/laultimapalabra.com.mx\/portal\/wp-json\/wp\/v2\/posts"}],"about":[{"href":"https:\/\/laultimapalabra.com.mx\/portal\/wp-json\/wp\/v2\/types\/post"}],"author":[{"embeddable":true,"href":"https:\/\/laultimapalabra.com.mx\/portal\/wp-json\/wp\/v2\/users\/7"}],"replies":[{"embeddable":true,"href":"https:\/\/laultimapalabra.com.mx\/portal\/wp-json\/wp\/v2\/comments?post=41999"}],"version-history":[{"count":2,"href":"https:\/\/laultimapalabra.com.mx\/portal\/wp-json\/wp\/v2\/posts\/41999\/revisions"}],"predecessor-version":[{"id":83057,"href":"https:\/\/laultimapalabra.com.mx\/portal\/wp-json\/wp\/v2\/posts\/41999\/revisions\/83057"}],"wp:featuredmedia":[{"embeddable":true,"href":"https:\/\/laultimapalabra.com.mx\/portal\/wp-json\/wp\/v2\/media\/41998"}],"wp:attachment":[{"href":"https:\/\/laultimapalabra.com.mx\/portal\/wp-json\/wp\/v2\/media?parent=41999"}],"wp:term":[{"taxonomy":"category","embeddable":true,"href":"https:\/\/laultimapalabra.com.mx\/portal\/wp-json\/wp\/v2\/categories?post=41999"},{"taxonomy":"post_tag","embeddable":true,"href":"https:\/\/laultimapalabra.com.mx\/portal\/wp-json\/wp\/v2\/tags?post=41999"}],"curies":[{"name":"wp","href":"https:\/\/api.w.org\/{rel}","templated":true}]}}