                       {"id":42039,"date":"2023-06-02T14:22:45","date_gmt":"2023-06-02T20:22:45","guid":{"rendered":"https:\/\/laultimapalabra.com.mx\/portal\/?p=42039"},"modified":"2024-12-11T10:43:59","modified_gmt":"2024-12-11T16:43:59","slug":"larrea-entrega-vias-del-istmo-a-cambio-recibe-8-anos-mas-de-una-concesion","status":"publish","type":"post","link":"https:\/\/laultimapalabra.com.mx\/portal\/larrea-entrega-vias-del-istmo-a-cambio-recibe-8-anos-mas-de-una-concesion\/","title":{"rendered":"Larrea entrega v\u00edas del Istmo; a cambio recibe 8 a\u00f1os m\u00e1s de una concesi\u00f3n"},"content":{"rendered":"\n<p>Ciudad Madero, Tamps.- Despu\u00e9s del desencuentro a ra\u00edz del decreto presidencial para ocupar la concesi\u00f3n ferroviaria Medias Aguas-Coatzacoalcos, el Gobierno Federal y Grupo M\u00e9xico alcanzaron un acuerdo mediante el cual se recupera para la naci\u00f3n ese tramo considerado estrat\u00e9gico en la visi\u00f3n gubernamental, por seguridad nacional y utilidad p\u00fablica.<br>A cambio, a Grupo M\u00e9xico se le extender\u00e1 una concesi\u00f3n por ocho a\u00f1os, sin pago de por medio.<br>Al expresar su satisfacci\u00f3n por esta soluci\u00f3n \u201cben\u00e9fica\u201d para las partes (que implic\u00f3 \u201centregar voluntariamente este tramo de concesi\u00f3n\u201d), el presidente Andr\u00e9s Manuel L\u00f3pez Obrador sostuvo que al terminar su administraci\u00f3n se habr\u00e1n recuperado para la naci\u00f3n 2 mil kil\u00f3metros de v\u00edas f\u00e9rreas en el sureste para trenes de carga y pasajeros.<br>\u201cEso no se ve\u00eda desde hac\u00eda mucho tiempo, cuando se tom\u00f3 la mala decisi\u00f3n de privatizar los ferrocarriles, los entreg\u00f3 Ernesto Zedillo, concesion\u00f3 todo el ferrocarril del pa\u00eds y desaparecieron los trenes de pasajeros\u201d.<br>El Secretario de Gobernaci\u00f3n, Ad\u00e1n Augusto L\u00f3pez, detall\u00f3 los t\u00e9rminos del acuerdo firmado el mi\u00e9rcoles por la noche a partir de un aval\u00fao del Instituto de Administraci\u00f3n y Aval\u00faos de Bienes Nacionales, que con base en una actualizaci\u00f3n inflacionaria y los a\u00f1os transcurridos de la concesi\u00f3n se fij\u00f3 en un monto de 836.8 millones de pesos.<br>\u201cEn compensaci\u00f3n, se ampliar\u00e1 ocho a\u00f1os su concesi\u00f3n del valle de M\u00e9xico a Medias Aguas, Veracruz, concluyendo en 2056\u201d, public\u00f3 el funcionario en Twitter.<br>Tambi\u00e9n se acord\u00f3 preservar el derecho de paso a los trenes de Ferrosur, subsidiaria de Grupo M\u00e9xico con una cuota de 4.10 pesos por vag\u00f3n y 8.15 pesos por cada locomotora entre Coatzacoalcos y Medias Aguas.<br>L\u00f3pez Obrador resalt\u00f3 la relevancia del acuerdo para que la naci\u00f3n asuma el control de la v\u00eda ferroviaria que conecta el oc\u00e9ano Pac\u00edfico y el Golfo de M\u00e9xico, a trav\u00e9s de esta franja del Istmo de Tehuantepec, plan ambicionado \u201cdesde hace siglos\u201d.<br>Pr\u00e1cticamente ya se hab\u00edan recuperado todas las rutas f\u00e9rreas en el sureste y s\u00f3lo faltaba ese tramo.<br>Ahora corresponder\u00e1 a la Secretar\u00eda de Marina operar esta ruta del Istmo y la empresa creada para tal efecto (que cobrar\u00e1 las cuotas correspondientes cuando trenes del Grupo M\u00e9xico la utilicen) abarcar\u00e1 las rutas entre los puertos de Coatzacoalcos y Salina Cruz, adem\u00e1s de Puerto Chiapas y Dos Bocas. Estim\u00f3 que para agosto estar\u00e1 terminada la nueva v\u00eda y comenzar\u00e1 a funcionar como tren de carga y pasajeros.<br>Explic\u00f3 que esta empresa de la Secretar\u00eda de Marina conectar\u00e1 tambi\u00e9n con la v\u00eda que se est\u00e1 rehabilitando a Palenque, donde empieza el Tren Maya, cuya ruta cubre en total mil 548 kil\u00f3metros a trav\u00e9s de Tabasco, Chiapas, Campeche, Yucat\u00e1n y Quintana Roo.<\/p>\n\n\n\n<p>Fuente:LA JORNADA<\/p>\n\r\n","protected":false},"excerpt":{"rendered":"<p>Ciudad Madero, Tamps.- Despu\u00e9s del desencuentro a ra\u00edz del decreto presidencial para ocupar la concesi\u00f3n ferroviaria Medias Aguas-Coatzacoalcos, el Gobierno Federal y Grupo M\u00e9xico alcanzaron un acuerdo mediante el cual se recupera para la naci\u00f3n ese tramo considerado estrat\u00e9gico en la visi\u00f3n gubernamental, por seguridad nacional y utilidad p\u00fablica.A cambio, a Grupo M\u00e9xico se le [&hellip;]<\/p>\n","protected":false},"author":7,"featured_media":42038,"comment_status":"closed","ping_status":"closed","sticky":false,"template":"","format":"standard","meta":{"footnotes":""},"categories":[19],"tags":[124,7640,7639,7641,7638],"class_list":["post-42039","post","type-post","status-publish","format-standard","has-post-thumbnail","hentry","category-nacional","tag-amlo","tag-conesion8anos","tag-entregavias-del-itsmo","tag-ferrosur","tag-larrea"],"_links":{"self":[{"href":"https:\/\/laultimapalabra.com.mx\/portal\/wp-json\/wp\/v2\/posts\/42039","targetHints":{"allow":["GET"]}}],"collection":[{"href":"https:\/\/laultimapalabra.com.mx\/portal\/wp-json\/wp\/v2\/posts"}],"about":[{"href":"https:\/\/laultimapalabra.com.mx\/portal\/wp-json\/wp\/v2\/types\/post"}],"author":[{"embeddable":true,"href":"https:\/\/laultimapalabra.com.mx\/portal\/wp-json\/wp\/v2\/users\/7"}],"replies":[{"embeddable":true,"href":"https:\/\/laultimapalabra.com.mx\/portal\/wp-json\/wp\/v2\/comments?post=42039"}],"version-history":[{"count":3,"href":"https:\/\/laultimapalabra.com.mx\/portal\/wp-json\/wp\/v2\/posts\/42039\/revisions"}],"predecessor-version":[{"id":83081,"href":"https:\/\/laultimapalabra.com.mx\/portal\/wp-json\/wp\/v2\/posts\/42039\/revisions\/83081"}],"wp:featuredmedia":[{"embeddable":true,"href":"https:\/\/laultimapalabra.com.mx\/portal\/wp-json\/wp\/v2\/media\/42038"}],"wp:attachment":[{"href":"https:\/\/laultimapalabra.com.mx\/portal\/wp-json\/wp\/v2\/media?parent=42039"}],"wp:term":[{"taxonomy":"category","embeddable":true,"href":"https:\/\/laultimapalabra.com.mx\/portal\/wp-json\/wp\/v2\/categories?post=42039"},{"taxonomy":"post_tag","embeddable":true,"href":"https:\/\/laultimapalabra.com.mx\/portal\/wp-json\/wp\/v2\/tags?post=42039"}],"curies":[{"name":"wp","href":"https:\/\/api.w.org\/{rel}","templated":true}]}}