                       {"id":42087,"date":"2023-06-04T19:10:01","date_gmt":"2023-06-05T01:10:01","guid":{"rendered":"https:\/\/laultimapalabra.com.mx\/portal\/?p=42087"},"modified":"2024-12-11T10:44:00","modified_gmt":"2024-12-11T16:44:00","slug":"fallece-el-periodista-mexicano-ricardo-rocha-a-los-76-anos-de-edad","status":"publish","type":"post","link":"https:\/\/laultimapalabra.com.mx\/portal\/fallece-el-periodista-mexicano-ricardo-rocha-a-los-76-anos-de-edad\/","title":{"rendered":"Fallece el Periodista mexicano Ricardo Rocha a los 76 a\u00f1os de edad"},"content":{"rendered":"\n<p>El reconocido periodista mexicano Ricardo Rocha falleci\u00f3 este domingo a los 76 a\u00f1os de edad, as\u00ed lo dio a conocer Joaqu\u00edn L\u00f3pez D\u00f3riga a trav\u00e9s de redes sociales.<br \/>&#8220;Lamento informarles el fallecimiento de mi querido compadre y compa\u00f1ero de tantos a\u00f1os, Ricardo Rocha. Descansa en paz, compadre querido. A tus hijos mi abrazo con dolor. Te vamos a extra\u00f1ar&#8221;, escribi\u00f3 en Twitter.<br \/>Jorge Armando Rocha, hijo del periodista, tambi\u00e9n confirm\u00f3 la noticia y escribi\u00f3 un mensaje a modo de despedida para su padre.<br \/>&#8220;Pap\u00e1 abre tus alas, fuiste bueno, un hombre muy digno con los mejores valores. Abriste brecha cuando el sistema lo ten\u00eda controlado. Dejas gran escuela period\u00edstica. Ayudaste a todo aqu\u00e9l que se te acerc\u00f3. Te vamos a alcanzar. Te amo. Que Dios te bendiga siempre, con \u00e9l est\u00e1s&#8221;, public\u00f3.<br \/>\u00bfQUI\u00c9N ERA RICARDO ROCHA?<br \/>Nacido en la Ciudad de M\u00e9xico, Ricardo Rocha dedic\u00f3 su vida a los medios de comunicaci\u00f3n, construyendo una gran carrera como periodista y como conductor de radio y televisi\u00f3n.<br \/>En 1977 gan\u00f3 el Premio Nacional del Periodismo por su cobertura de dos meses a la Revoluci\u00f3n Sandinista en Nicaragua.<br \/>Adem\u00e1s, cre\u00f3 el programa &#8220;Detr\u00e1s de la Noticia&#8221; en Televisa, un proyecto que a\u00f1os despu\u00e9s termin\u00f3 siendo una agencia de noticias, de la cual fung\u00eda como director.<br \/>Asimismo, produjo y condujo los programas &#8220;Para Gente Grande&#8221; y &#8220;En Vivo&#8221;.<br \/>Fuente: CONTRA<\/p>\n\r\n","protected":false},"excerpt":{"rendered":"<p>El reconocido periodista mexicano Ricardo Rocha falleci\u00f3 este domingo a los 76 a\u00f1os de edad, as\u00ed lo dio a conocer Joaqu\u00edn L\u00f3pez D\u00f3riga a trav\u00e9s de redes sociales.&#8220;Lamento informarles el fallecimiento de mi querido compadre y compa\u00f1ero de tantos a\u00f1os, Ricardo Rocha. Descansa en paz, compadre querido. A tus hijos mi abrazo con dolor. Te [&hellip;]<\/p>\n","protected":false},"author":7,"featured_media":42086,"comment_status":"closed","ping_status":"closed","sticky":false,"template":"","format":"standard","meta":{"footnotes":""},"categories":[19],"tags":[5217,7656,7655],"class_list":["post-42087","post","type-post","status-publish","format-standard","has-post-thumbnail","hentry","category-nacional","tag-fallecimiento","tag-luto","tag-periodista-mexicano"],"_links":{"self":[{"href":"https:\/\/laultimapalabra.com.mx\/portal\/wp-json\/wp\/v2\/posts\/42087","targetHints":{"allow":["GET"]}}],"collection":[{"href":"https:\/\/laultimapalabra.com.mx\/portal\/wp-json\/wp\/v2\/posts"}],"about":[{"href":"https:\/\/laultimapalabra.com.mx\/portal\/wp-json\/wp\/v2\/types\/post"}],"author":[{"embeddable":true,"href":"https:\/\/laultimapalabra.com.mx\/portal\/wp-json\/wp\/v2\/users\/7"}],"replies":[{"embeddable":true,"href":"https:\/\/laultimapalabra.com.mx\/portal\/wp-json\/wp\/v2\/comments?post=42087"}],"version-history":[{"count":2,"href":"https:\/\/laultimapalabra.com.mx\/portal\/wp-json\/wp\/v2\/posts\/42087\/revisions"}],"predecessor-version":[{"id":83111,"href":"https:\/\/laultimapalabra.com.mx\/portal\/wp-json\/wp\/v2\/posts\/42087\/revisions\/83111"}],"wp:featuredmedia":[{"embeddable":true,"href":"https:\/\/laultimapalabra.com.mx\/portal\/wp-json\/wp\/v2\/media\/42086"}],"wp:attachment":[{"href":"https:\/\/laultimapalabra.com.mx\/portal\/wp-json\/wp\/v2\/media?parent=42087"}],"wp:term":[{"taxonomy":"category","embeddable":true,"href":"https:\/\/laultimapalabra.com.mx\/portal\/wp-json\/wp\/v2\/categories?post=42087"},{"taxonomy":"post_tag","embeddable":true,"href":"https:\/\/laultimapalabra.com.mx\/portal\/wp-json\/wp\/v2\/tags?post=42087"}],"curies":[{"name":"wp","href":"https:\/\/api.w.org\/{rel}","templated":true}]}}