                       {"id":421,"date":"2018-02-22T23:15:56","date_gmt":"2018-02-22T23:15:56","guid":{"rendered":"http:\/\/laultimapalabra.info\/?p=421"},"modified":"2024-12-11T08:36:58","modified_gmt":"2024-12-11T14:36:58","slug":"continua-dr-sabas-tamez-programa-de-mamografias","status":"publish","type":"post","link":"https:\/\/laultimapalabra.com.mx\/portal\/continua-dr-sabas-tamez-programa-de-mamografias\/","title":{"rendered":"Contin\u00faa Dr. Sab\u00e1s Tamez programa de mamograf\u00edas"},"content":{"rendered":"<p style=\"text-align: justify;\"><img loading=\"lazy\" decoding=\"async\" class=\"size-medium wp-image-489 alignleft\" src=\"https:\/\/laultimapalabra.com.mx\/portal\/wp-content\/uploads\/2018\/02\/bronca-copia-225x300.jpg\" alt=\"\" width=\"225\" height=\"300\" \/>CADEREYTA JIM\u00c9NEZ, N.L.- El doctor Sab\u00e1s Ren\u00e9 Tamez P\u00e9rez, mencion\u00f3 que se extiende el programa debido a la gran demanda de las 1000 mamograf\u00edas gratis y su seguimiento m\u00e9dico.<br \/>\nEl noble programa se est\u00e1 llevando a cabo en la Unidad de Especialidades M\u00e9dicas UEM, ubicada en la calle Zaragoza n\u00famero 614 oriente en el centro de la ciudad.<br \/>\nDentro de los estudios con t\u00e9cnicas y aparatos profesionales y confiables, ya se detectaron dos casos positivos de c\u00e1ncer maligno con la oportunidad de llevar un tratamiento a tiempo y crecer la esperanza de salvar estas vidas.<br \/>\nEl cirujano mencion\u00f3 que la campa\u00f1a se extender\u00e1 en forma indefinida en forma gratuita para buscar detectar tumoraciones en los pechos femeninos, ya sean malignos o benignos.<br \/>\n&#8220;Hemos tenido una respuesta impresionante de la poblaci\u00f3n ya que cuando acuden a realizarse el estudio, se les concientiza de la necesidad de realizarse anualmente el estudio para la detenci\u00f3n de lesiones en etapas tempranas\u201d, mencion\u00f3 el profesionista.<br \/>\nEl doctor Sab\u00e1s Tamez, invit\u00f3 a las madres de familia a hacerse el examen al practicarse la mamograf\u00eda, ya que de resultar con sospechas se les dar\u00e1 su seguimiento m\u00e9dico hasta su conclusi\u00f3n.<\/p>\n","protected":false},"excerpt":{"rendered":"<p>CADEREYTA JIM\u00c9NEZ, N.L.- El doctor Sab\u00e1s Ren\u00e9 Tamez P\u00e9rez, mencion\u00f3 que se extiende el programa debido a la gran demanda de las 1000 mamograf\u00edas gratis y su seguimiento m\u00e9dico. El noble programa se est\u00e1 llevando a cabo en la Unidad de Especialidades M\u00e9dicas UEM, ubicada en la calle Zaragoza n\u00famero 614 oriente en el centro [&hellip;]<\/p>\n","protected":false},"author":9,"featured_media":489,"comment_status":"open","ping_status":"closed","sticky":false,"template":"","format":"standard","meta":{"footnotes":""},"categories":[17],"tags":[880,1477],"class_list":["post-421","post","type-post","status-publish","format-standard","has-post-thumbnail","hentry","category-locales-cadereyta","tag-dr-sabas-tamez","tag-mamografias-en-cadereyta"],"_links":{"self":[{"href":"https:\/\/laultimapalabra.com.mx\/portal\/wp-json\/wp\/v2\/posts\/421","targetHints":{"allow":["GET"]}}],"collection":[{"href":"https:\/\/laultimapalabra.com.mx\/portal\/wp-json\/wp\/v2\/posts"}],"about":[{"href":"https:\/\/laultimapalabra.com.mx\/portal\/wp-json\/wp\/v2\/types\/post"}],"author":[{"embeddable":true,"href":"https:\/\/laultimapalabra.com.mx\/portal\/wp-json\/wp\/v2\/users\/9"}],"replies":[{"embeddable":true,"href":"https:\/\/laultimapalabra.com.mx\/portal\/wp-json\/wp\/v2\/comments?post=421"}],"version-history":[{"count":1,"href":"https:\/\/laultimapalabra.com.mx\/portal\/wp-json\/wp\/v2\/posts\/421\/revisions"}],"predecessor-version":[{"id":63295,"href":"https:\/\/laultimapalabra.com.mx\/portal\/wp-json\/wp\/v2\/posts\/421\/revisions\/63295"}],"wp:featuredmedia":[{"embeddable":true,"href":"https:\/\/laultimapalabra.com.mx\/portal\/wp-json\/"}],"wp:attachment":[{"href":"https:\/\/laultimapalabra.com.mx\/portal\/wp-json\/wp\/v2\/media?parent=421"}],"wp:term":[{"taxonomy":"category","embeddable":true,"href":"https:\/\/laultimapalabra.com.mx\/portal\/wp-json\/wp\/v2\/categories?post=421"},{"taxonomy":"post_tag","embeddable":true,"href":"https:\/\/laultimapalabra.com.mx\/portal\/wp-json\/wp\/v2\/tags?post=421"}],"curies":[{"name":"wp","href":"https:\/\/api.w.org\/{rel}","templated":true}]}}