                       {"id":42115,"date":"2023-06-05T15:41:44","date_gmt":"2023-06-05T21:41:44","guid":{"rendered":"https:\/\/laultimapalabra.com.mx\/portal\/?p=42115"},"modified":"2024-12-11T10:44:00","modified_gmt":"2024-12-11T16:44:00","slug":"busca-pri-permiso-laboral-por-enfermedades-de-hijos","status":"publish","type":"post","link":"https:\/\/laultimapalabra.com.mx\/portal\/busca-pri-permiso-laboral-por-enfermedades-de-hijos\/","title":{"rendered":"Busca PRI permiso laboral por enfermedades de hijos\u00a0"},"content":{"rendered":"<p>Monterrey, N.L.- El coordinador de la bancada priista en el Congreso local, Heriberto Trevi\u00f1o Cant\u00fa, presentar\u00e1 una iniciativa para que se les concedan permisos laborales a los padres para que puedan atender cualquier emergencia m\u00e9dica y psicol\u00f3gica de sus hijos.<\/p>\n<p>Fue mediante un comunicado, que Trevi\u00f1o se\u00f1al\u00f3 que los padres de familia o tutores desempe\u00f1an un papel esencial a la hora de prestar apoyo a sus hijos.<\/p>\n<p>\u201cLa iniciativa busca la flexibilidad laboral para que las madres, padres o tutores que tengan hijas e hijos diagnosticados con alguna enfermedad cr\u00f3nica o con alguna discapacidad puedan ausentarse de su jornada laboral para atender emergencias.<\/p>\n<p>\u201cEs una realidad que las familias con alg\u00fan menor enfermo o con discapacidad sufren un desgaste mayor por la atenci\u00f3n especializada que requiere cada caso, por eso desde el \u00e1mbito legislativo debemos generar un marco legal m\u00e1s emp\u00e1tico que contribuya a enfrentar positivamente est\u00e1s situaciones\u201d, indic\u00f3.<\/p>\n<p>Aunque la iniciativa implica una reforma federal, confi\u00f3 en que esta despertar\u00e1 el inter\u00e9s de los legisladores en el Congreso de la Uni\u00f3n para que pueda concretarse lo m\u00e1s pronto posible.<\/p>\n<p>\u201cLa propuesta implica que el trabajador podr\u00e1 compensar la jornada laboral con el tiempo igual de trabajo efectivo, previo acuerdo por escrito con el patr\u00f3n o seg\u00fan el contrato colectivo, seg\u00fan sea el caso.<\/p>\n<p>\u201cLa familia es la base fundamental para que una ni\u00f1a, ni\u00f1o o adolescente diagnosticado salga adelante, ya que vela por su cuidado, formaci\u00f3n y supervivencia para enfrentar y superar las dificultades\u201d, mencion\u00f3.<\/p>\n<p>FUENTE: ABC NOTICIAS<\/p>\n","protected":false},"excerpt":{"rendered":"<p>Monterrey, N.L.- El coordinador de la bancada priista en el Congreso local, Heriberto Trevi\u00f1o Cant\u00fa, presentar\u00e1 una iniciativa para que se les concedan permisos laborales a los padres para que puedan atender cualquier emergencia m\u00e9dica y psicol\u00f3gica de sus hijos. Fue mediante un comunicado, que Trevi\u00f1o se\u00f1al\u00f3 que los padres de familia o tutores desempe\u00f1an [&hellip;]<\/p>\n","protected":false},"author":9,"featured_media":42116,"comment_status":"closed","ping_status":"closed","sticky":false,"template":"","format":"standard","meta":{"footnotes":""},"categories":[15],"tags":[7672,6298,7671,5113,3020,5859],"class_list":["post-42115","post","type-post","status-publish","format-standard","has-post-thumbnail","hentry","category-estado","tag-congreso","tag-heribertotrevino","tag-iniciativaparapermisoslaboralesapadresotutores","tag-nuevoleon","tag-pri","tag-ultimas-noticias"],"_links":{"self":[{"href":"https:\/\/laultimapalabra.com.mx\/portal\/wp-json\/wp\/v2\/posts\/42115","targetHints":{"allow":["GET"]}}],"collection":[{"href":"https:\/\/laultimapalabra.com.mx\/portal\/wp-json\/wp\/v2\/posts"}],"about":[{"href":"https:\/\/laultimapalabra.com.mx\/portal\/wp-json\/wp\/v2\/types\/post"}],"author":[{"embeddable":true,"href":"https:\/\/laultimapalabra.com.mx\/portal\/wp-json\/wp\/v2\/users\/9"}],"replies":[{"embeddable":true,"href":"https:\/\/laultimapalabra.com.mx\/portal\/wp-json\/wp\/v2\/comments?post=42115"}],"version-history":[{"count":2,"href":"https:\/\/laultimapalabra.com.mx\/portal\/wp-json\/wp\/v2\/posts\/42115\/revisions"}],"predecessor-version":[{"id":83129,"href":"https:\/\/laultimapalabra.com.mx\/portal\/wp-json\/wp\/v2\/posts\/42115\/revisions\/83129"}],"wp:featuredmedia":[{"embeddable":true,"href":"https:\/\/laultimapalabra.com.mx\/portal\/wp-json\/wp\/v2\/media\/42116"}],"wp:attachment":[{"href":"https:\/\/laultimapalabra.com.mx\/portal\/wp-json\/wp\/v2\/media?parent=42115"}],"wp:term":[{"taxonomy":"category","embeddable":true,"href":"https:\/\/laultimapalabra.com.mx\/portal\/wp-json\/wp\/v2\/categories?post=42115"},{"taxonomy":"post_tag","embeddable":true,"href":"https:\/\/laultimapalabra.com.mx\/portal\/wp-json\/wp\/v2\/tags?post=42115"}],"curies":[{"name":"wp","href":"https:\/\/api.w.org\/{rel}","templated":true}]}}