                       {"id":42121,"date":"2023-06-05T15:51:26","date_gmt":"2023-06-05T21:51:26","guid":{"rendered":"https:\/\/laultimapalabra.com.mx\/portal\/?p=42121"},"modified":"2024-12-11T10:44:01","modified_gmt":"2024-12-11T16:44:01","slug":"familiares-realizan-vigilia-para-recordar-a-victimas-del-incendio-en-la-guarderia-abc","status":"publish","type":"post","link":"https:\/\/laultimapalabra.com.mx\/portal\/familiares-realizan-vigilia-para-recordar-a-victimas-del-incendio-en-la-guarderia-abc\/","title":{"rendered":"Familiares realizan vigilia para recordar a v\u00edctimas del incendio en la Guarder\u00eda ABC"},"content":{"rendered":"<p>Sonora.- Familiares, vecinos y ciudadanos se reunieron en vigilia para conmemorar la muerte de los 49 ni\u00f1os y ni\u00f1as en el incendio de la Guarder\u00eda ABC, en Hermosillo, Sonora.<\/p>\n<p>Este 5 de junio se cumplen 14 a\u00f1os de la tragedia.<\/p>\n<p>En la vigilia previo al 14 aniversario de la tragedia que dej\u00f3 sin vida a 49 ni\u00f1os y ni\u00f1as en Hermosillo, padres de familia, vecinos y otros ciudadanos se reunieron para honrar la memoria de estos peque\u00f1os.<\/p>\n<p>Paty Duarte, quien integra el Movimiento 5 de junio, puntualiz\u00f3 que continuar\u00e1n marchando y reuni\u00e9ndose para evitar que otras infancias de Sonora y el pa\u00eds pasen por la misma situaci\u00f3n.<\/p>\n<p>Paty Duarte puntualiz\u00f3 que continuar\u00e1n con el caso a trav\u00e9s de una demanda al Estado mexicano en otras instancias, espec\u00edficamente en la Corte Internacional de Derechos Humanos.<\/p>\n<p>El d\u00eda 5 de junio por la tarde se realizar\u00e1 una marcha para recordar y exigir justicia por lo ocurrido aquella tarde del viernes en Hermosillo. Ser\u00e1 a las 18:00 horas partiendo de las instalaciones de la Guarder\u00eda ABC.<\/p>\n<p>FUENTE: SIN EMBARGO MX<\/p>\n","protected":false},"excerpt":{"rendered":"<p>Sonora.- Familiares, vecinos y ciudadanos se reunieron en vigilia para conmemorar la muerte de los 49 ni\u00f1os y ni\u00f1as en el incendio de la Guarder\u00eda ABC, en Hermosillo, Sonora. Este 5 de junio se cumplen 14 a\u00f1os de la tragedia. En la vigilia previo al 14 aniversario de la tragedia que dej\u00f3 sin vida a [&hellip;]<\/p>\n","protected":false},"author":9,"featured_media":42122,"comment_status":"closed","ping_status":"closed","sticky":false,"template":"","format":"standard","meta":{"footnotes":""},"categories":[19],"tags":[7678,7677,7676,5859,7679],"class_list":["post-42121","post","type-post","status-publish","format-standard","has-post-thumbnail","hentry","category-nacional","tag-14anos","tag-calderonymargarita","tag-guarderiaabc","tag-ultimas-noticias","tag-vigiliapararecordarlasvictimasdelabc"],"_links":{"self":[{"href":"https:\/\/laultimapalabra.com.mx\/portal\/wp-json\/wp\/v2\/posts\/42121","targetHints":{"allow":["GET"]}}],"collection":[{"href":"https:\/\/laultimapalabra.com.mx\/portal\/wp-json\/wp\/v2\/posts"}],"about":[{"href":"https:\/\/laultimapalabra.com.mx\/portal\/wp-json\/wp\/v2\/types\/post"}],"author":[{"embeddable":true,"href":"https:\/\/laultimapalabra.com.mx\/portal\/wp-json\/wp\/v2\/users\/9"}],"replies":[{"embeddable":true,"href":"https:\/\/laultimapalabra.com.mx\/portal\/wp-json\/wp\/v2\/comments?post=42121"}],"version-history":[{"count":2,"href":"https:\/\/laultimapalabra.com.mx\/portal\/wp-json\/wp\/v2\/posts\/42121\/revisions"}],"predecessor-version":[{"id":83133,"href":"https:\/\/laultimapalabra.com.mx\/portal\/wp-json\/wp\/v2\/posts\/42121\/revisions\/83133"}],"wp:featuredmedia":[{"embeddable":true,"href":"https:\/\/laultimapalabra.com.mx\/portal\/wp-json\/wp\/v2\/media\/42122"}],"wp:attachment":[{"href":"https:\/\/laultimapalabra.com.mx\/portal\/wp-json\/wp\/v2\/media?parent=42121"}],"wp:term":[{"taxonomy":"category","embeddable":true,"href":"https:\/\/laultimapalabra.com.mx\/portal\/wp-json\/wp\/v2\/categories?post=42121"},{"taxonomy":"post_tag","embeddable":true,"href":"https:\/\/laultimapalabra.com.mx\/portal\/wp-json\/wp\/v2\/tags?post=42121"}],"curies":[{"name":"wp","href":"https:\/\/api.w.org\/{rel}","templated":true}]}}