                       {"id":42144,"date":"2023-06-05T20:55:16","date_gmt":"2023-06-06T02:55:16","guid":{"rendered":"https:\/\/laultimapalabra.com.mx\/portal\/?p=42144"},"modified":"2024-12-11T10:44:01","modified_gmt":"2024-12-11T16:44:01","slug":"huyen-tras-chocar-a-automovilista","status":"publish","type":"post","link":"https:\/\/laultimapalabra.com.mx\/portal\/huyen-tras-chocar-a-automovilista\/","title":{"rendered":"Huyen tras chocar a automovilista"},"content":{"rendered":"\n<p>Cadereyta Jim\u00e9nez, N.L.-El conductor de un veh\u00edculo y su acompa\u00f1ante en estado de ebriedad, impactaron por alcance a la conductora de un auto, en el municipio de Cadereyta.<br \/>El percance se present\u00f3 en el boulevard Ju\u00e1rez en el entronque con el libramiento Alfonso Mart\u00ednez Dom\u00ednguez, en direcci\u00f3n de oriente a poniente.<br \/>Los dos hombres que viajaban en un auto tipo Atos, en color gris con placas de circulaci\u00f3n FLT-23-53 del estado de Coahuila, impactaron a la conductora de un veh\u00edculo tipo Corolla, para despu\u00e9s darse a la fuga dejando su veh\u00edculo abandonado y a la mujer con algunas lesiones.<br \/>Param\u00e9dicos de Servicios de Emergencia Cadereyta, arribaron al sitio y trasladaron a la mujer a la cl\u00ednica Virginia para su valoraci\u00f3n m\u00e9dica.<br \/>Agentes de Vialidad y Tr\u00e1nsito Municipal abanderaron el sitio mientras levantaban informaci\u00f3n para tratar de ubicar a los responsables.<\/p>\n\n\n\n<figure class=\"wp-block-image size-large\"><img loading=\"lazy\" decoding=\"async\" width=\"1024\" height=\"768\" src=\"https:\/\/laultimapalabra.com.mx\/portal\/wp-content\/uploads\/2023\/06\/IMG-20230605-WA0035-1024x768.jpg\" alt=\"\" class=\"wp-image-42142\" srcset=\"https:\/\/laultimapalabra.com.mx\/portal\/wp-content\/uploads\/2023\/06\/IMG-20230605-WA0035-1024x768.jpg 1024w, https:\/\/laultimapalabra.com.mx\/portal\/wp-content\/uploads\/2023\/06\/IMG-20230605-WA0035-300x225.jpg 300w, https:\/\/laultimapalabra.com.mx\/portal\/wp-content\/uploads\/2023\/06\/IMG-20230605-WA0035-768x576.jpg 768w, https:\/\/laultimapalabra.com.mx\/portal\/wp-content\/uploads\/2023\/06\/IMG-20230605-WA0035-1536x1152.jpg 1536w, https:\/\/laultimapalabra.com.mx\/portal\/wp-content\/uploads\/2023\/06\/IMG-20230605-WA0035.jpg 1600w\" sizes=\"auto, (max-width: 1024px) 100vw, 1024px\" \/><\/figure>\n\n\n\n<figure class=\"wp-block-image\"><img loading=\"lazy\" decoding=\"async\" width=\"1024\" height=\"768\" src=\"https:\/\/laultimapalabra.com.mx\/portal\/wp-content\/uploads\/2023\/06\/IMG-20230605-WA0033-1-1024x768.jpg\" alt=\"\" class=\"wp-image-42141\" srcset=\"https:\/\/laultimapalabra.com.mx\/portal\/wp-content\/uploads\/2023\/06\/IMG-20230605-WA0033-1-1024x768.jpg 1024w, https:\/\/laultimapalabra.com.mx\/portal\/wp-content\/uploads\/2023\/06\/IMG-20230605-WA0033-1-300x225.jpg 300w, https:\/\/laultimapalabra.com.mx\/portal\/wp-content\/uploads\/2023\/06\/IMG-20230605-WA0033-1-768x576.jpg 768w, https:\/\/laultimapalabra.com.mx\/portal\/wp-content\/uploads\/2023\/06\/IMG-20230605-WA0033-1-1536x1152.jpg 1536w, https:\/\/laultimapalabra.com.mx\/portal\/wp-content\/uploads\/2023\/06\/IMG-20230605-WA0033-1.jpg 1600w\" sizes=\"auto, (max-width: 1024px) 100vw, 1024px\" \/><\/figure>\n\n\n\n<figure class=\"wp-block-image\"><img loading=\"lazy\" decoding=\"async\" width=\"1024\" height=\"768\" src=\"https:\/\/laultimapalabra.com.mx\/portal\/wp-content\/uploads\/2023\/06\/IMG-20230605-WA0034-1024x768.jpg\" alt=\"\" class=\"wp-image-42143\" srcset=\"https:\/\/laultimapalabra.com.mx\/portal\/wp-content\/uploads\/2023\/06\/IMG-20230605-WA0034-1024x768.jpg 1024w, https:\/\/laultimapalabra.com.mx\/portal\/wp-content\/uploads\/2023\/06\/IMG-20230605-WA0034-300x225.jpg 300w, https:\/\/laultimapalabra.com.mx\/portal\/wp-content\/uploads\/2023\/06\/IMG-20230605-WA0034-768x576.jpg 768w, https:\/\/laultimapalabra.com.mx\/portal\/wp-content\/uploads\/2023\/06\/IMG-20230605-WA0034-1536x1152.jpg 1536w, https:\/\/laultimapalabra.com.mx\/portal\/wp-content\/uploads\/2023\/06\/IMG-20230605-WA0034.jpg 1600w\" sizes=\"auto, (max-width: 1024px) 100vw, 1024px\" \/><\/figure>\n\r\n","protected":false},"excerpt":{"rendered":"<p>Cadereyta Jim\u00e9nez, N.L.-El conductor de un veh\u00edculo y su acompa\u00f1ante en estado de ebriedad, impactaron por alcance a la conductora de un auto, en el municipio de Cadereyta.El percance se present\u00f3 en el boulevard Ju\u00e1rez en el entronque con el libramiento Alfonso Mart\u00ednez Dom\u00ednguez, en direcci\u00f3n de oriente a poniente.Los dos hombres que viajaban en [&hellip;]<\/p>\n","protected":false},"author":7,"featured_media":42140,"comment_status":"closed","ping_status":"closed","sticky":false,"template":"","format":"standard","meta":{"footnotes":""},"categories":[9],"tags":[7685,7683,541,7684],"class_list":["post-42144","post","type-post","status-publish","format-standard","has-post-thumbnail","hentry","category-seguridad-cadereyta","tag-abandono-vehiculo","tag-agente-de-vialidad","tag-choque","tag-transito-municipal"],"_links":{"self":[{"href":"https:\/\/laultimapalabra.com.mx\/portal\/wp-json\/wp\/v2\/posts\/42144","targetHints":{"allow":["GET"]}}],"collection":[{"href":"https:\/\/laultimapalabra.com.mx\/portal\/wp-json\/wp\/v2\/posts"}],"about":[{"href":"https:\/\/laultimapalabra.com.mx\/portal\/wp-json\/wp\/v2\/types\/post"}],"author":[{"embeddable":true,"href":"https:\/\/laultimapalabra.com.mx\/portal\/wp-json\/wp\/v2\/users\/7"}],"replies":[{"embeddable":true,"href":"https:\/\/laultimapalabra.com.mx\/portal\/wp-json\/wp\/v2\/comments?post=42144"}],"version-history":[{"count":2,"href":"https:\/\/laultimapalabra.com.mx\/portal\/wp-json\/wp\/v2\/posts\/42144\/revisions"}],"predecessor-version":[{"id":83141,"href":"https:\/\/laultimapalabra.com.mx\/portal\/wp-json\/wp\/v2\/posts\/42144\/revisions\/83141"}],"wp:featuredmedia":[{"embeddable":true,"href":"https:\/\/laultimapalabra.com.mx\/portal\/wp-json\/wp\/v2\/media\/42140"}],"wp:attachment":[{"href":"https:\/\/laultimapalabra.com.mx\/portal\/wp-json\/wp\/v2\/media?parent=42144"}],"wp:term":[{"taxonomy":"category","embeddable":true,"href":"https:\/\/laultimapalabra.com.mx\/portal\/wp-json\/wp\/v2\/categories?post=42144"},{"taxonomy":"post_tag","embeddable":true,"href":"https:\/\/laultimapalabra.com.mx\/portal\/wp-json\/wp\/v2\/tags?post=42144"}],"curies":[{"name":"wp","href":"https:\/\/api.w.org\/{rel}","templated":true}]}}