                       {"id":42193,"date":"2023-06-06T14:39:44","date_gmt":"2023-06-06T20:39:44","guid":{"rendered":"https:\/\/laultimapalabra.com.mx\/portal\/?p=42193"},"modified":"2024-12-11T10:44:01","modified_gmt":"2024-12-11T16:44:01","slug":"se-reunira-samuel-con-diputados-y-navarro","status":"publish","type":"post","link":"https:\/\/laultimapalabra.com.mx\/portal\/se-reunira-samuel-con-diputados-y-navarro\/","title":{"rendered":"Se reunir\u00e1 Samuel con Diputados y Navarro"},"content":{"rendered":"<p>Nuevo Le\u00f3n.- El gobernador de Nuevo Le\u00f3n, Samuel Garc\u00eda, confirm\u00f3 que asistir\u00e1 a la reuni\u00f3n que sostendr\u00e1 el Secretario General de Gobierno, Javier Navarro, con los diputados locales.<\/p>\n<p>El mandatario estatal se\u00f1al\u00f3 que plantear\u00e1 en la mesa que debe haber una pol\u00edtica de altura, poniendo a la ciudadan\u00eda por delante.<\/p>\n<p>Asever\u00f3 que para solucionar el problema de ra\u00edz, se debe arreglar lo que provoc\u00f3 el inicio de enfrentamientos entre el Legislativo y el Ejecutivo.<\/p>\n<p>Y esta convencido de que no ceder\u00e1, pues dice que sin un fiscal aut\u00f3nomo no se puede arreglar a bien el problema de seguridad de Nuevo Le\u00f3n.<\/p>\n<p>Finaliz\u00f3 asegurando que para arreglar el tema de seguridad, se necesita un fiscal nombrado, aut\u00f3nomo y que no dependa del PRI y el PAN.<\/p>\n<p>Informaci\u00f3n preliminar apunta a que la reuni\u00f3n podr\u00eda ser el pr\u00f3ximo lunes.<\/p>\n<p>Aunque asegur\u00f3 que como gobernador de Nuevo Le\u00f3n, no pod\u00eda involucrarse en temas de partidos, Samuel Garc\u00eda envi\u00f3 una felicitaci\u00f3n a Manolo Jim\u00e9nez y Delfina G\u00f3mez, por su virtual triunfo a la gubernatura de Coahuila y el Estado de M\u00e9xico, respectivamente.<\/p>\n<p>Y augura que habr\u00e1 buenos proyectos con el estado hermano.<\/p>\n<p>Y respecto a la controversia que se form\u00f3 en torno al triunfo de Delfina G\u00f3mez, dijo que al igual que cuando \u00e9l gan\u00f3, la diferencia es contundente.<\/p>\n<p>Asegur\u00f3, que Tesla tambi\u00e9n beneficiar\u00e1 a Coahuila, debido a que esta se situar\u00e1 en Santa Catarina, mucha de la industria se dirige a Ramos Arizpe y Saltillo.<\/p>\n<p>FUENTE: INFO7<\/p>\n","protected":false},"excerpt":{"rendered":"<p>Nuevo Le\u00f3n.- El gobernador de Nuevo Le\u00f3n, Samuel Garc\u00eda, confirm\u00f3 que asistir\u00e1 a la reuni\u00f3n que sostendr\u00e1 el Secretario General de Gobierno, Javier Navarro, con los diputados locales. El mandatario estatal se\u00f1al\u00f3 que plantear\u00e1 en la mesa que debe haber una pol\u00edtica de altura, poniendo a la ciudadan\u00eda por delante. Asever\u00f3 que para solucionar el [&hellip;]<\/p>\n","protected":false},"author":9,"featured_media":42194,"comment_status":"closed","ping_status":"closed","sticky":false,"template":"","format":"standard","meta":{"footnotes":""},"categories":[15],"tags":[5050,7716,5113,5037,5859],"class_list":["post-42193","post","type-post","status-publish","format-standard","has-post-thumbnail","hentry","category-estado","tag-fiscal","tag-navarroydiputados","tag-nuevoleon","tag-samuelgarcia","tag-ultimas-noticias"],"_links":{"self":[{"href":"https:\/\/laultimapalabra.com.mx\/portal\/wp-json\/wp\/v2\/posts\/42193","targetHints":{"allow":["GET"]}}],"collection":[{"href":"https:\/\/laultimapalabra.com.mx\/portal\/wp-json\/wp\/v2\/posts"}],"about":[{"href":"https:\/\/laultimapalabra.com.mx\/portal\/wp-json\/wp\/v2\/types\/post"}],"author":[{"embeddable":true,"href":"https:\/\/laultimapalabra.com.mx\/portal\/wp-json\/wp\/v2\/users\/9"}],"replies":[{"embeddable":true,"href":"https:\/\/laultimapalabra.com.mx\/portal\/wp-json\/wp\/v2\/comments?post=42193"}],"version-history":[{"count":2,"href":"https:\/\/laultimapalabra.com.mx\/portal\/wp-json\/wp\/v2\/posts\/42193\/revisions"}],"predecessor-version":[{"id":83169,"href":"https:\/\/laultimapalabra.com.mx\/portal\/wp-json\/wp\/v2\/posts\/42193\/revisions\/83169"}],"wp:featuredmedia":[{"embeddable":true,"href":"https:\/\/laultimapalabra.com.mx\/portal\/wp-json\/wp\/v2\/media\/42194"}],"wp:attachment":[{"href":"https:\/\/laultimapalabra.com.mx\/portal\/wp-json\/wp\/v2\/media?parent=42193"}],"wp:term":[{"taxonomy":"category","embeddable":true,"href":"https:\/\/laultimapalabra.com.mx\/portal\/wp-json\/wp\/v2\/categories?post=42193"},{"taxonomy":"post_tag","embeddable":true,"href":"https:\/\/laultimapalabra.com.mx\/portal\/wp-json\/wp\/v2\/tags?post=42193"}],"curies":[{"name":"wp","href":"https:\/\/api.w.org\/{rel}","templated":true}]}}