                       {"id":42220,"date":"2023-06-06T21:02:12","date_gmt":"2023-06-07T03:02:12","guid":{"rendered":"https:\/\/laultimapalabra.com.mx\/portal\/?p=42220"},"modified":"2024-12-11T10:44:02","modified_gmt":"2024-12-11T16:44:02","slug":"deja-tres-lesionados-choque-frontal-y-volcadura","status":"publish","type":"post","link":"https:\/\/laultimapalabra.com.mx\/portal\/deja-tres-lesionados-choque-frontal-y-volcadura\/","title":{"rendered":"Deja tres lesionados choque frontal y volcadura"},"content":{"rendered":"\n<p>Cadereyta Jim\u00e9nez, N.L.-La tarde de este martes se registr\u00f3 un fuerte choque frontal donde resultaron tres hombres lesionados, en el municipio de Cadereyta.<br \/>El percance se registr\u00f3 sobre la carretera a San Mateo en el Kil\u00f3metro 04 aproximadamente a unos 200 metros del puente que cruza el anillo perif\u00e9rico.<br \/>El conductor de la camioneta tipo X trail en color gris con placas de circulaci\u00f3n SYV-871-B, invadi\u00f3 carril cuando circulaba de norte a sur e impact\u00f3 a una camioneta pick-up Ford F150 en color blanco, donde viajaban seis personas que ven\u00edan de trabajar, dos en la cabina y cuatro en la caja.<br \/>Tres hombres que viajaban en la parte trasera resultaron lesionados, mientras el responsable huy\u00f3 del lugar dejando la camioneta abandonada.<br \/>Param\u00e9dicos de Servicios de Emergencia Cadereyta arribaron al sitio y trasladaron a los lesionados hac\u00eda un hospital mientras elementos de Tr\u00e1nsito Municipal, abanderaron la peligrosa zona para evitar otro percance.<\/p>\n\n\n\n<figure class=\"wp-block-image size-large\"><img loading=\"lazy\" decoding=\"async\" width=\"300\" height=\"225\" src=\"https:\/\/laultimapalabra.com.mx\/portal\/wp-content\/uploads\/2023\/06\/IMG-20230606-WA0036-300x225.jpg\" alt=\"\" class=\"wp-image-42223\" srcset=\"https:\/\/laultimapalabra.com.mx\/portal\/wp-content\/uploads\/2023\/06\/IMG-20230606-WA0036-300x225.jpg 300w, https:\/\/laultimapalabra.com.mx\/portal\/wp-content\/uploads\/2023\/06\/IMG-20230606-WA0036-768x576.jpg 768w, https:\/\/laultimapalabra.com.mx\/portal\/wp-content\/uploads\/2023\/06\/IMG-20230606-WA0036.jpg 1024w\" sizes=\"auto, (max-width: 300px) 100vw, 300px\" \/><\/figure>\n\r\n","protected":false},"excerpt":{"rendered":"<p>Cadereyta Jim\u00e9nez, N.L.-La tarde de este martes se registr\u00f3 un fuerte choque frontal donde resultaron tres hombres lesionados, en el municipio de Cadereyta.El percance se registr\u00f3 sobre la carretera a San Mateo en el Kil\u00f3metro 04 aproximadamente a unos 200 metros del puente que cruza el anillo perif\u00e9rico.El conductor de la camioneta tipo X trail [&hellip;]<\/p>\n","protected":false},"author":7,"featured_media":42222,"comment_status":"closed","ping_status":"closed","sticky":false,"template":"","format":"standard","meta":{"footnotes":""},"categories":[9],"tags":[541,4315,7684],"class_list":["post-42220","post","type-post","status-publish","format-standard","has-post-thumbnail","hentry","category-seguridad-cadereyta","tag-choque","tag-lesionados","tag-transito-municipal"],"_links":{"self":[{"href":"https:\/\/laultimapalabra.com.mx\/portal\/wp-json\/wp\/v2\/posts\/42220","targetHints":{"allow":["GET"]}}],"collection":[{"href":"https:\/\/laultimapalabra.com.mx\/portal\/wp-json\/wp\/v2\/posts"}],"about":[{"href":"https:\/\/laultimapalabra.com.mx\/portal\/wp-json\/wp\/v2\/types\/post"}],"author":[{"embeddable":true,"href":"https:\/\/laultimapalabra.com.mx\/portal\/wp-json\/wp\/v2\/users\/7"}],"replies":[{"embeddable":true,"href":"https:\/\/laultimapalabra.com.mx\/portal\/wp-json\/wp\/v2\/comments?post=42220"}],"version-history":[{"count":3,"href":"https:\/\/laultimapalabra.com.mx\/portal\/wp-json\/wp\/v2\/posts\/42220\/revisions"}],"predecessor-version":[{"id":83185,"href":"https:\/\/laultimapalabra.com.mx\/portal\/wp-json\/wp\/v2\/posts\/42220\/revisions\/83185"}],"wp:featuredmedia":[{"embeddable":true,"href":"https:\/\/laultimapalabra.com.mx\/portal\/wp-json\/wp\/v2\/media\/42222"}],"wp:attachment":[{"href":"https:\/\/laultimapalabra.com.mx\/portal\/wp-json\/wp\/v2\/media?parent=42220"}],"wp:term":[{"taxonomy":"category","embeddable":true,"href":"https:\/\/laultimapalabra.com.mx\/portal\/wp-json\/wp\/v2\/categories?post=42220"},{"taxonomy":"post_tag","embeddable":true,"href":"https:\/\/laultimapalabra.com.mx\/portal\/wp-json\/wp\/v2\/tags?post=42220"}],"curies":[{"name":"wp","href":"https:\/\/api.w.org\/{rel}","templated":true}]}}